{"id":151227,"date":"2022-06-28T16:54:00","date_gmt":"2022-06-28T20:54:00","guid":{"rendered":"https:\/\/linitiative.ca\/International\/ahlem-ammar-nommee-doyenne-de-la-faculte-des-sciences-de-leducation-de-luniversite-de-montreal\/"},"modified":"2022-06-28T16:54:00","modified_gmt":"2022-06-28T20:54:00","slug":"ahlem-ammar-nommee-doyenne-de-la-faculte-des-sciences-de-leducation-de-luniversite-de-montreal","status":"publish","type":"post","link":"https:\/\/linitiative.ca\/International\/ahlem-ammar-nommee-doyenne-de-la-faculte-des-sciences-de-leducation-de-luniversite-de-montreal\/","title":{"rendered":"Ahlem Ammar, nomm\u00e9e doyenne de la Facult\u00e9 des sciences de l\u2019\u00e9ducation de l\u2019Universit\u00e9 de Montr\u00e9al"},"content":{"rendered":"<div><img decoding=\"async\" src=\"https:\/\/linitiative.ca\/International\/wp-content\/uploads\/sites\/23\/2022\/06\/1656446411_article.jpg\" alt=\"Ahlem Ammar, nomm\u00e9e doyenne de la Facult\u00e9 des sciences de l\u2019\u00e9ducation de l\u2019Universit\u00e9 de Montr\u00e9al\" align=\"left\">Au grand bonheur des Tunisiens, de tr\u00e8s bonnes nouvelles de nos universitaires exer\u00e7ant en Am\u00e9rique du Nord ne cessent de se succ\u00e9der. C\u2019est ainsi que le conseil de l\u2019Universit\u00e9 de Montr\u00e9al vient de proc\u00e9der \u00e0 la nomination de Mme Ahlem Ammar en qualit\u00e9 de doyenne de la Facult\u00e9 des sciences de l\u2019\u00e9ducation de l\u2019Universit\u00e9, pour un mandat de cinq ans. Cette nomination intervient \u00e0 la lumi\u00e8re d\u2019une recommandation unanime \u00e9manant d\u2019un comit\u00e9 de consultation form\u00e9 \u00e0 cet effet.<br \/>\nC\u2019est l\u00e0 une superbe cons\u00e9cration pour la professeure Ahlem Ammar qui aligne un parcours brillant. Originaire de Tunisie et native de la ville de Sfax, elle a effectu\u00e9 ses \u00e9tudes &#8230;<\/p>\n<\/div>\n<p>Auteur:<br \/>\n<a href=\"https:\/\/www.leaders.com.tn\/article\/33549-ahlem-ammar-nommee-doyenne-de-la-faculte-des-sciences-de-l-education-de-l-universite-de-montreal\">Cliquez ici pour lire l&rsquo;article depuis sa source.<\/a><\/p>\n","protected":false},"excerpt":{"rendered":"<p>Au grand bonheur des Tunisiens, de tr\u00e8s bonnes nouvelles de nos universitaires exer\u00e7ant en Am\u00e9rique du Nord ne cessent de se succ\u00e9der. C\u2019est ainsi que le conseil de l\u2019Universit\u00e9 de Montr\u00e9al vient de proc\u00e9der \u00e0 la nomination de Mme Ahlem Ammar en qualit\u00e9 de doyenne de la Facult\u00e9 des sciences de l\u2019\u00e9ducation de l\u2019Universit\u00e9, pour [&hellip;]<\/p>\n","protected":false},"author":1772,"featured_media":0,"comment_status":"closed","ping_status":"closed","sticky":false,"template":"","format":"standard","meta":{"fifu_image_url":"http:\/\/www.leaders.com.tn\/uploads\/content\/thumbnails_small\/1656446411_article.jpg","fifu_image_alt":"Ahlem Ammar, nomm\u00e9e doyenne de la Facult\u00e9 des sciences de l\u2019\u00e9ducation de l\u2019Universit\u00e9 de Montr\u00e9al","footnotes":""},"categories":[73,55],"tags":[],"class_list":["post-151227","post","type-post","status-publish","format-standard","hentry","category-actualite","category-tunisie"],"_links":{"self":[{"href":"https:\/\/linitiative.ca\/International\/wp-json\/wp\/v2\/posts\/151227","targetHints":{"allow":["GET"]}}],"collection":[{"href":"https:\/\/linitiative.ca\/International\/wp-json\/wp\/v2\/posts"}],"about":[{"href":"https:\/\/linitiative.ca\/International\/wp-json\/wp\/v2\/types\/post"}],"author":[{"embeddable":true,"href":"https:\/\/linitiative.ca\/International\/wp-json\/wp\/v2\/users\/1772"}],"replies":[{"embeddable":true,"href":"https:\/\/linitiative.ca\/International\/wp-json\/wp\/v2\/comments?post=151227"}],"version-history":[{"count":0,"href":"https:\/\/linitiative.ca\/International\/wp-json\/wp\/v2\/posts\/151227\/revisions"}],"wp:attachment":[{"href":"https:\/\/linitiative.ca\/International\/wp-json\/wp\/v2\/media?parent=151227"}],"wp:term":[{"taxonomy":"category","embeddable":true,"href":"https:\/\/linitiative.ca\/International\/wp-json\/wp\/v2\/categories?post=151227"},{"taxonomy":"post_tag","embeddable":true,"href":"https:\/\/linitiative.ca\/International\/wp-json\/wp\/v2\/tags?post=151227"}],"curies":[{"name":"wp","href":"https:\/\/api.w.org\/{rel}","templated":true}]}}