{"id":151233,"date":"2022-06-28T11:39:13","date_gmt":"2022-06-28T15:39:13","guid":{"rendered":"https:\/\/linitiative.ca\/International\/concentrations-economiques-non-notifiees-le-regulateur-a-rendu-sa-decision\/"},"modified":"2022-06-28T11:39:13","modified_gmt":"2022-06-28T15:39:13","slug":"concentrations-economiques-non-notifiees-le-regulateur-a-rendu-sa-decision","status":"publish","type":"post","link":"https:\/\/linitiative.ca\/International\/concentrations-economiques-non-notifiees-le-regulateur-a-rendu-sa-decision\/","title":{"rendered":"Concentrations \u00e9conomiques non notifi\u00e9es. Le\u00a0r\u00e9gulateur a rendu sa d\u00e9cision"},"content":{"rendered":"<div><img decoding=\"async\" width=\"523\" height=\"319\" src=\"https:\/\/linitiative.ca\/International\/wp-content\/uploads\/sites\/23\/2022\/06\/Ahmed-Rahou-3-600-x-379.jpg\" class=\"attachment-post-thumbnail size-post-thumbnail wp-post-image\" alt=\"\" loading=\"lazy\" srcset=\"https:\/\/linitiative.ca\/International\/wp-content\/uploads\/sites\/23\/2022\/06\/Ahmed-Rahou-3-600-x-379.jpg 523w, https:\/\/www.challenge.ma\/wp-content\/uploads\/2022\/04\/Ahmed-Rahou-3-600-x-379-300x183.jpg 300w, https:\/\/www.challenge.ma\/wp-content\/uploads\/2022\/04\/Ahmed-Rahou-3-600-x-379-360x220.jpg 360w\" sizes=\"auto, (max-width: 523px) 100vw, 523px\" itemprop=\"image\">La d\u00e9cision N\u00b0 68, publi\u00e9e par le Conseil de la Concurrence le 24 juin\u00a0dernier,\u00a0 vise \u00e0 encadrer la proc\u00e9dure de r\u00e9gularisation de l\u2019absence de notification des op\u00e9rations de concentration post-r\u00e9alisation. Cette r\u00e9gularisation de la part du CC prendra la forme d\u2019une proc\u00e9dure transactionnelle assortie d\u2019une sanction plafonn\u00e9e \u00e0 1% du<\/div>\n<p>Auteur: Mehdi Ouazzani<br \/>\n<a href=\"https:\/\/www.challenge.ma\/concentrations-economiques-non-notifiees-le-regulateur-a-rendu-sa-decision-241630\/\">Cliquez ici pour lire l&rsquo;article depuis sa source.<\/a><\/p>\n","protected":false},"excerpt":{"rendered":"<p>La d\u00e9cision N\u00b0 68, publi\u00e9e par le Conseil de la Concurrence le 24 juin\u00a0dernier,\u00a0 vise \u00e0 encadrer la proc\u00e9dure de r\u00e9gularisation de l\u2019absence de notification des op\u00e9rations de concentration post-r\u00e9alisation. Cette r\u00e9gularisation de la part du CC prendra la forme d\u2019une proc\u00e9dure transactionnelle assortie d\u2019une sanction plafonn\u00e9e \u00e0 1% du Auteur: Mehdi Ouazzani Cliquez ici [&hellip;]<\/p>\n","protected":false},"author":1787,"featured_media":0,"comment_status":"closed","ping_status":"closed","sticky":false,"template":"","format":"standard","meta":{"fifu_image_url":"https:\/\/www.challenge.ma\/wp-content\/uploads\/2022\/04\/Ahmed-Rahou-3-600-x-379.jpg","fifu_image_alt":"Concentrations \u00e9conomiques non notifi\u00e9es. Le\u00a0r\u00e9gulateur a rendu sa d\u00e9cision","footnotes":""},"categories":[78,54],"tags":[],"class_list":["post-151233","post","type-post","status-publish","format-standard","hentry","category-economie","category-maroc"],"_links":{"self":[{"href":"https:\/\/linitiative.ca\/International\/wp-json\/wp\/v2\/posts\/151233","targetHints":{"allow":["GET"]}}],"collection":[{"href":"https:\/\/linitiative.ca\/International\/wp-json\/wp\/v2\/posts"}],"about":[{"href":"https:\/\/linitiative.ca\/International\/wp-json\/wp\/v2\/types\/post"}],"author":[{"embeddable":true,"href":"https:\/\/linitiative.ca\/International\/wp-json\/wp\/v2\/users\/1787"}],"replies":[{"embeddable":true,"href":"https:\/\/linitiative.ca\/International\/wp-json\/wp\/v2\/comments?post=151233"}],"version-history":[{"count":0,"href":"https:\/\/linitiative.ca\/International\/wp-json\/wp\/v2\/posts\/151233\/revisions"}],"wp:attachment":[{"href":"https:\/\/linitiative.ca\/International\/wp-json\/wp\/v2\/media?parent=151233"}],"wp:term":[{"taxonomy":"category","embeddable":true,"href":"https:\/\/linitiative.ca\/International\/wp-json\/wp\/v2\/categories?post=151233"},{"taxonomy":"post_tag","embeddable":true,"href":"https:\/\/linitiative.ca\/International\/wp-json\/wp\/v2\/tags?post=151233"}],"curies":[{"name":"wp","href":"https:\/\/api.w.org\/{rel}","templated":true}]}}