{"id":151239,"date":"2022-06-28T15:58:43","date_gmt":"2022-06-28T19:58:43","guid":{"rendered":"https:\/\/linitiative.ca\/International\/la-federation-de-la-sante-appelle-a-une-journee-de-colere\/"},"modified":"2022-06-28T15:58:43","modified_gmt":"2022-06-28T19:58:43","slug":"la-federation-de-la-sante-appelle-a-une-journee-de-colere","status":"publish","type":"post","link":"https:\/\/linitiative.ca\/International\/la-federation-de-la-sante-appelle-a-une-journee-de-colere\/","title":{"rendered":"la f\u00e9d\u00e9ration de la sant\u00e9 appelle \u00e0 une journ\u00e9e de col\u00e9re"},"content":{"rendered":"<div>\n<p>Le dossier de \u00a0titularisation \u00a0des\u00a0 agents contractuels et temporaires au minist\u00e8re de la sant\u00e9 publique semble \u00eatre un point de discorde entre l\u2019UGTT et le minist\u00e8re de tutelle .La f\u00e9d\u00e9ration de la sant\u00e9 relevant de la centrale syndicale monte au cr\u00e9neau et appelle ses adh\u00e9rents \u00e0 se mobiliser pour une journ\u00e9e de col\u00e8re \u00a0\u00a0le jeudi [\u2026]<\/p>\n<p>L\u2019article <a href=\"https:\/\/www.tunisienumerique.com\/la-federation-de-la-sante-appelle-a-une-journee-de-colere\/\">la f\u00e9d\u00e9ration de la sant\u00e9 appelle \u00e0 une journ\u00e9e de col\u00e9re<\/a> est apparu en premier sur <a href=\"https:\/\/www.tunisienumerique.com\/\">Tunisie<\/a>.<\/p>\n<\/div>\n<p>Auteur: Hafedh Trabelsi<br \/>\n<a href=\"https:\/\/www.tunisienumerique.com\/la-federation-de-la-sante-appelle-a-une-journee-de-colere\/\">Cliquez ici pour lire l&rsquo;article depuis sa source.<\/a><\/p>\n","protected":false},"excerpt":{"rendered":"<p>Le dossier de \u00a0titularisation \u00a0des\u00a0 agents contractuels et temporaires au minist\u00e8re de la sant\u00e9 publique semble \u00eatre un point de discorde entre l\u2019UGTT et le minist\u00e8re de tutelle .La f\u00e9d\u00e9ration de la sant\u00e9 relevant de la centrale syndicale monte au cr\u00e9neau et appelle ses adh\u00e9rents \u00e0 se mobiliser pour une journ\u00e9e de col\u00e8re \u00a0\u00a0le jeudi [&hellip;]<\/p>\n","protected":false},"author":1789,"featured_media":0,"comment_status":"closed","ping_status":"closed","sticky":false,"template":"","format":"standard","meta":{"fifu_image_url":"","fifu_image_alt":"","footnotes":""},"categories":[73,55],"tags":[],"class_list":["post-151239","post","type-post","status-publish","format-standard","hentry","category-actualite","category-tunisie"],"_links":{"self":[{"href":"https:\/\/linitiative.ca\/International\/wp-json\/wp\/v2\/posts\/151239","targetHints":{"allow":["GET"]}}],"collection":[{"href":"https:\/\/linitiative.ca\/International\/wp-json\/wp\/v2\/posts"}],"about":[{"href":"https:\/\/linitiative.ca\/International\/wp-json\/wp\/v2\/types\/post"}],"author":[{"embeddable":true,"href":"https:\/\/linitiative.ca\/International\/wp-json\/wp\/v2\/users\/1789"}],"replies":[{"embeddable":true,"href":"https:\/\/linitiative.ca\/International\/wp-json\/wp\/v2\/comments?post=151239"}],"version-history":[{"count":0,"href":"https:\/\/linitiative.ca\/International\/wp-json\/wp\/v2\/posts\/151239\/revisions"}],"wp:attachment":[{"href":"https:\/\/linitiative.ca\/International\/wp-json\/wp\/v2\/media?parent=151239"}],"wp:term":[{"taxonomy":"category","embeddable":true,"href":"https:\/\/linitiative.ca\/International\/wp-json\/wp\/v2\/categories?post=151239"},{"taxonomy":"post_tag","embeddable":true,"href":"https:\/\/linitiative.ca\/International\/wp-json\/wp\/v2\/tags?post=151239"}],"curies":[{"name":"wp","href":"https:\/\/api.w.org\/{rel}","templated":true}]}}