{"id":151241,"date":"2022-06-28T16:37:14","date_gmt":"2022-06-28T20:37:14","guid":{"rendered":"https:\/\/linitiative.ca\/International\/communique-de-la-direction-des-douanes-pour-les-tunisiens-de-retour-au-pays\/"},"modified":"2022-06-28T16:37:14","modified_gmt":"2022-06-28T20:37:14","slug":"communique-de-la-direction-des-douanes-pour-les-tunisiens-de-retour-au-pays","status":"publish","type":"post","link":"https:\/\/linitiative.ca\/International\/communique-de-la-direction-des-douanes-pour-les-tunisiens-de-retour-au-pays\/","title":{"rendered":"Communiqu\u00e9 de la direction des douanes pour les tunisiens de retour au pays"},"content":{"rendered":"<div>\n<p>Suite \u00e0 des publications \u00a0sur les r\u00e9seaux sociaux relatifs aux services pr\u00e9sent\u00e9s aux tunisiens\u00a0 \u00e0 l\u2019\u00e9tranger dans tous les points frontaliers\u00a0 et les ports maritimes ,la direction\u00a0 g\u00e9n\u00e9rale des douanes\u00a0 rappelle que tous les\u00a0 agents douaniers au service des tunisiens \u00e0 l\u2019\u00e9tranger et de\u00a0 retour\u00a0 au pays ,portent \u00a0un uniforme\u00a0 et une plaque avec le [\u2026]<\/p>\n<p>L\u2019article <a href=\"https:\/\/www.tunisienumerique.com\/communique-de-la-direction-des-douanes-pour-les-tunisiens-de-retour-au-pays\/\">Communiqu\u00e9 de la direction des douanes pour les tunisiens de retour au pays<\/a> est apparu en premier sur <a href=\"https:\/\/www.tunisienumerique.com\/\">Tunisie<\/a>.<\/p>\n<\/div>\n<p>Auteur: Hafedh Trabelsi<br \/>\n<a href=\"https:\/\/www.tunisienumerique.com\/communique-de-la-direction-des-douanes-pour-les-tunisiens-de-retour-au-pays\/\">Cliquez ici pour lire l&rsquo;article depuis sa source.<\/a><\/p>\n","protected":false},"excerpt":{"rendered":"<p>Suite \u00e0 des publications \u00a0sur les r\u00e9seaux sociaux relatifs aux services pr\u00e9sent\u00e9s aux tunisiens\u00a0 \u00e0 l\u2019\u00e9tranger dans tous les points frontaliers\u00a0 et les ports maritimes ,la direction\u00a0 g\u00e9n\u00e9rale des douanes\u00a0 rappelle que tous les\u00a0 agents douaniers au service des tunisiens \u00e0 l\u2019\u00e9tranger et de\u00a0 retour\u00a0 au pays ,portent \u00a0un uniforme\u00a0 et une plaque avec le [&hellip;]<\/p>\n","protected":false},"author":1789,"featured_media":0,"comment_status":"closed","ping_status":"closed","sticky":false,"template":"","format":"standard","meta":{"fifu_image_url":"","fifu_image_alt":"","footnotes":""},"categories":[73,55],"tags":[],"class_list":["post-151241","post","type-post","status-publish","format-standard","hentry","category-actualite","category-tunisie"],"_links":{"self":[{"href":"https:\/\/linitiative.ca\/International\/wp-json\/wp\/v2\/posts\/151241","targetHints":{"allow":["GET"]}}],"collection":[{"href":"https:\/\/linitiative.ca\/International\/wp-json\/wp\/v2\/posts"}],"about":[{"href":"https:\/\/linitiative.ca\/International\/wp-json\/wp\/v2\/types\/post"}],"author":[{"embeddable":true,"href":"https:\/\/linitiative.ca\/International\/wp-json\/wp\/v2\/users\/1789"}],"replies":[{"embeddable":true,"href":"https:\/\/linitiative.ca\/International\/wp-json\/wp\/v2\/comments?post=151241"}],"version-history":[{"count":0,"href":"https:\/\/linitiative.ca\/International\/wp-json\/wp\/v2\/posts\/151241\/revisions"}],"wp:attachment":[{"href":"https:\/\/linitiative.ca\/International\/wp-json\/wp\/v2\/media?parent=151241"}],"wp:term":[{"taxonomy":"category","embeddable":true,"href":"https:\/\/linitiative.ca\/International\/wp-json\/wp\/v2\/categories?post=151241"},{"taxonomy":"post_tag","embeddable":true,"href":"https:\/\/linitiative.ca\/International\/wp-json\/wp\/v2\/tags?post=151241"}],"curies":[{"name":"wp","href":"https:\/\/api.w.org\/{rel}","templated":true}]}}