{"id":151245,"date":"2022-06-28T10:32:12","date_gmt":"2022-06-28T14:32:12","guid":{"rendered":"https:\/\/linitiative.ca\/International\/sud-ouest-trois-bases-terroristes-decouvertes-22-hani-neutralises-communique-de-larmee\/"},"modified":"2022-06-28T10:32:12","modified_gmt":"2022-06-28T14:32:12","slug":"sud-ouest-trois-bases-terroristes-decouvertes-22-hani-neutralises-communique-de-larmee","status":"publish","type":"post","link":"https:\/\/linitiative.ca\/International\/sud-ouest-trois-bases-terroristes-decouvertes-22-hani-neutralises-communique-de-larmee\/","title":{"rendered":"Sud-ouest\u00a0: trois bases terroristes d\u00e9couvertes, 22 HANI neutralis\u00e9s (communiqu\u00e9 de l\u2019arm\u00e9e)"},"content":{"rendered":"<div>\n<p>Des unit\u00e9s du Groupement d\u2019action rapide de surveillance et d\u2019intervention (GARSI) de Iolonioro dans la province de la Bougouriba (Sud-ouest) et du groupement d\u00e9partemental de Gaoua neutralis\u00e9, hier lundi 27 juin, 22 pr\u00e9sum\u00e9s terroristes dans des op\u00e9rations de ratissage \u00e0 la suite de l\u2019interpellation d\u2019individus transportant des explosifs, indique un communiqu\u00e9 de l\u2019arm\u00e9e.<\/p>\n<p>Le communiqu\u00e9 pr\u00e9cise que cette interpellation est intervenue \u00ab\u00a0suite \u00e0 des renseignements consolid\u00e9s\u00a0\u00bb et que l\u2019 action offensive a permis de d\u00e9couvrir 3 bases terroristes face auxquelles les unit\u00e9s ont \u00e0 chaque fois engag\u00e9 le combat.<\/p>\n<p>\u00ab\u00a0Une importante quantit\u00e9 de mat\u00e9riels dont de l\u2019armement, des munitions, de la drogue et des produits pharmaceutiques ont \u00e9galement \u00e9t\u00e9 r\u00e9cup\u00e9r\u00e9s ou d\u00e9truits\u00a0\u00bb, pr\u00e9cise l\u2019arm\u00e9e.<\/p>\n<p>L\u2019arm\u00e9e burkinab\u00e8 soutient n\u2019avoir enregistr\u00e9 aucune perte en vie humaine.<\/p>\n<p><strong>Sidwaya.info<\/strong><\/p>\n<p><strong>Source\u00a0: DCRP Arm\u00e9es<\/strong><\/p>\n<\/div>\n<p>Auteur: Wamini SIDWAYA<br \/>\n<a href=\"https:\/\/www.sidwaya.info\/blog\/2022\/06\/28\/sud-ouest-trois-bases-terroristes-decouvertes-22-hani-neutralises-communique-de-larmee\/\">Cliquez ici pour lire l&rsquo;article depuis sa source.<\/a><\/p>\n","protected":false},"excerpt":{"rendered":"<p>Des unit\u00e9s du Groupement d\u2019action rapide de surveillance et d\u2019intervention (GARSI) de Iolonioro dans la province de la Bougouriba (Sud-ouest) et du groupement d\u00e9partemental de Gaoua neutralis\u00e9, hier lundi 27 juin, 22 pr\u00e9sum\u00e9s terroristes dans des op\u00e9rations de ratissage \u00e0 la suite de l\u2019interpellation d\u2019individus transportant des explosifs, indique un communiqu\u00e9 de l\u2019arm\u00e9e. Le communiqu\u00e9 [&hellip;]<\/p>\n","protected":false},"author":1816,"featured_media":0,"comment_status":"closed","ping_status":"closed","sticky":false,"template":"","format":"standard","meta":{"fifu_image_url":"","fifu_image_alt":"","footnotes":""},"categories":[73,81],"tags":[],"class_list":["post-151245","post","type-post","status-publish","format-standard","hentry","category-actualite","category-burkina-faso"],"_links":{"self":[{"href":"https:\/\/linitiative.ca\/International\/wp-json\/wp\/v2\/posts\/151245","targetHints":{"allow":["GET"]}}],"collection":[{"href":"https:\/\/linitiative.ca\/International\/wp-json\/wp\/v2\/posts"}],"about":[{"href":"https:\/\/linitiative.ca\/International\/wp-json\/wp\/v2\/types\/post"}],"author":[{"embeddable":true,"href":"https:\/\/linitiative.ca\/International\/wp-json\/wp\/v2\/users\/1816"}],"replies":[{"embeddable":true,"href":"https:\/\/linitiative.ca\/International\/wp-json\/wp\/v2\/comments?post=151245"}],"version-history":[{"count":0,"href":"https:\/\/linitiative.ca\/International\/wp-json\/wp\/v2\/posts\/151245\/revisions"}],"wp:attachment":[{"href":"https:\/\/linitiative.ca\/International\/wp-json\/wp\/v2\/media?parent=151245"}],"wp:term":[{"taxonomy":"category","embeddable":true,"href":"https:\/\/linitiative.ca\/International\/wp-json\/wp\/v2\/categories?post=151245"},{"taxonomy":"post_tag","embeddable":true,"href":"https:\/\/linitiative.ca\/International\/wp-json\/wp\/v2\/tags?post=151245"}],"curies":[{"name":"wp","href":"https:\/\/api.w.org\/{rel}","templated":true}]}}