{"id":151300,"date":"2022-06-29T05:36:00","date_gmt":"2022-06-29T09:36:00","guid":{"rendered":"https:\/\/linitiative.ca\/International\/mohamed-ibrahim-hsairi-si-jetais-lirak\/"},"modified":"2022-06-29T05:36:00","modified_gmt":"2022-06-29T09:36:00","slug":"mohamed-ibrahim-hsairi-si-jetais-lirak","status":"publish","type":"post","link":"https:\/\/linitiative.ca\/International\/mohamed-ibrahim-hsairi-si-jetais-lirak\/","title":{"rendered":"Mohamed Ibrahim Hsairi: Si j\u2019\u00e9tais l\u2019Irak!"},"content":{"rendered":"<div><img decoding=\"async\" src=\"https:\/\/linitiative.ca\/International\/wp-content\/uploads\/sites\/23\/2022\/06\/1656492426_article.jpg\" alt=\"Mohamed Ibrahim Hsairi: Si j\u2019\u00e9tais l\u2019Irak!\" align=\"left\">Si j\u2019\u00e9tais l\u2019Irak, je me serai, imm\u00e9diatement, pr\u00e9valu de la r\u00e9action du G7 \u00e0 l\u2019attaque russe contre le centre commercial de Kiev, pour relancer l\u2019affaire du bombardement, le 13 f\u00e9vrier 1991, par les forces am\u00e9ricaines de l\u2019air du refuge d\u2019Amiriyah \u00e0 Bagdad&#8230;<br \/>\nLes dirigeants du G7 r\u00e9uni en Allemagne, historiquement responsable de deux guerres mondiales qui ont co\u00fbt\u00e9 la vie \u00e0 des millions de personnes, ont condamn\u00e9 l\u2019attaque russe et\u00a0 l\u2019ont consid\u00e9r\u00e9 comme un \u00ab crime de guerre \u00bb horrible.<br \/>\nPour rappel, l\u2019attaque russe a tu\u00e9 16 personnes et en a bless\u00e9 59, tandis que l\u2019attaque am\u00e9ricaine a tu\u00e9 408 personnes, dont 261 femmes et 50 nourrissons&#8230;\u00a0<br \/>\nIl &#8230;<\/p>\n<\/div>\n<p>Auteur:<br \/>\n<a href=\"https:\/\/www.leaders.com.tn\/article\/33550-mohamed-ibrahim-hsairi-si-j-etais-l-irak\">Cliquez ici pour lire l&rsquo;article depuis sa source.<\/a><\/p>\n","protected":false},"excerpt":{"rendered":"<p>Si j\u2019\u00e9tais l\u2019Irak, je me serai, imm\u00e9diatement, pr\u00e9valu de la r\u00e9action du G7 \u00e0 l\u2019attaque russe contre le centre commercial de Kiev, pour relancer l\u2019affaire du bombardement, le 13 f\u00e9vrier 1991, par les forces am\u00e9ricaines de l\u2019air du refuge d\u2019Amiriyah \u00e0 Bagdad&#8230; Les dirigeants du G7 r\u00e9uni en Allemagne, historiquement responsable de deux guerres mondiales [&hellip;]<\/p>\n","protected":false},"author":1772,"featured_media":0,"comment_status":"closed","ping_status":"closed","sticky":false,"template":"","format":"standard","meta":{"fifu_image_url":"http:\/\/www.leaders.com.tn\/uploads\/content\/thumbnails_small\/1656492426_article.jpg","fifu_image_alt":"Mohamed Ibrahim Hsairi: Si j\u2019\u00e9tais l\u2019Irak!","footnotes":""},"categories":[73,55],"tags":[],"class_list":["post-151300","post","type-post","status-publish","format-standard","hentry","category-actualite","category-tunisie"],"_links":{"self":[{"href":"https:\/\/linitiative.ca\/International\/wp-json\/wp\/v2\/posts\/151300","targetHints":{"allow":["GET"]}}],"collection":[{"href":"https:\/\/linitiative.ca\/International\/wp-json\/wp\/v2\/posts"}],"about":[{"href":"https:\/\/linitiative.ca\/International\/wp-json\/wp\/v2\/types\/post"}],"author":[{"embeddable":true,"href":"https:\/\/linitiative.ca\/International\/wp-json\/wp\/v2\/users\/1772"}],"replies":[{"embeddable":true,"href":"https:\/\/linitiative.ca\/International\/wp-json\/wp\/v2\/comments?post=151300"}],"version-history":[{"count":0,"href":"https:\/\/linitiative.ca\/International\/wp-json\/wp\/v2\/posts\/151300\/revisions"}],"wp:attachment":[{"href":"https:\/\/linitiative.ca\/International\/wp-json\/wp\/v2\/media?parent=151300"}],"wp:term":[{"taxonomy":"category","embeddable":true,"href":"https:\/\/linitiative.ca\/International\/wp-json\/wp\/v2\/categories?post=151300"},{"taxonomy":"post_tag","embeddable":true,"href":"https:\/\/linitiative.ca\/International\/wp-json\/wp\/v2\/tags?post=151300"}],"curies":[{"name":"wp","href":"https:\/\/api.w.org\/{rel}","templated":true}]}}