{"id":151333,"date":"2022-06-28T19:05:28","date_gmt":"2022-06-28T23:05:28","guid":{"rendered":"https:\/\/linitiative.ca\/International\/boromo-une-gerante-de-maquis-abattue\/"},"modified":"2022-06-28T19:05:28","modified_gmt":"2022-06-28T23:05:28","slug":"boromo-une-gerante-de-maquis-abattue","status":"publish","type":"post","link":"https:\/\/linitiative.ca\/International\/boromo-une-gerante-de-maquis-abattue\/","title":{"rendered":"Boromo : Une g\u00e9rante de maquis abattue"},"content":{"rendered":"<div>\n<h2><strong>Boromo : Une g\u00e9rante de maquis abattue<\/strong><\/h2>\n<p>Kantigui a eu vent de la mort tragique d\u2019une femme de nationalit\u00e9 \u00e9trang\u00e8re, il y a quelques jours, \u00e0 son lieu d\u2019activit\u00e9, tard dans la nuit au secteur 3 de Boromo. La victime, g\u00e9rante d\u2019une maison close et d\u2019un maquis, a \u00e9t\u00e9 froidement abattue par un individu non identifi\u00e9 au milieu de ses clients, a-t-on souffl\u00e9 \u00e0 Kantigui.<\/p>\n<p>Lire la suite sur Sidwaya mobile\u00a0<a href=\"https:\/\/www.sidwaya.info\/numerique\/2022\/06\/28\/sidwaya-du-29-06-2022\/\">https:\/\/www.sidwaya.info\/numerique\/2022\/06\/28\/sidwaya-du-29-06-2022\/<\/a><\/p>\n<\/div>\n<p>Auteur: JK. Sidwaya<br \/>\n<a href=\"https:\/\/www.sidwaya.info\/blog\/2022\/06\/28\/boromo-une-gerante-de-maquis-abattue\/\">Cliquez ici pour lire l&rsquo;article depuis sa source.<\/a><\/p>\n","protected":false},"excerpt":{"rendered":"<p>Boromo : Une g\u00e9rante de maquis abattue Kantigui a eu vent de la mort tragique d\u2019une femme de nationalit\u00e9 \u00e9trang\u00e8re, il y a quelques jours, \u00e0 son lieu d\u2019activit\u00e9, tard dans la nuit au secteur 3 de Boromo. La victime, g\u00e9rante d\u2019une maison close et d\u2019un maquis, a \u00e9t\u00e9 froidement abattue par un individu non [&hellip;]<\/p>\n","protected":false},"author":1816,"featured_media":0,"comment_status":"closed","ping_status":"closed","sticky":false,"template":"","format":"standard","meta":{"fifu_image_url":"","fifu_image_alt":"","footnotes":""},"categories":[73,81],"tags":[],"class_list":["post-151333","post","type-post","status-publish","format-standard","hentry","category-actualite","category-burkina-faso"],"_links":{"self":[{"href":"https:\/\/linitiative.ca\/International\/wp-json\/wp\/v2\/posts\/151333","targetHints":{"allow":["GET"]}}],"collection":[{"href":"https:\/\/linitiative.ca\/International\/wp-json\/wp\/v2\/posts"}],"about":[{"href":"https:\/\/linitiative.ca\/International\/wp-json\/wp\/v2\/types\/post"}],"author":[{"embeddable":true,"href":"https:\/\/linitiative.ca\/International\/wp-json\/wp\/v2\/users\/1816"}],"replies":[{"embeddable":true,"href":"https:\/\/linitiative.ca\/International\/wp-json\/wp\/v2\/comments?post=151333"}],"version-history":[{"count":0,"href":"https:\/\/linitiative.ca\/International\/wp-json\/wp\/v2\/posts\/151333\/revisions"}],"wp:attachment":[{"href":"https:\/\/linitiative.ca\/International\/wp-json\/wp\/v2\/media?parent=151333"}],"wp:term":[{"taxonomy":"category","embeddable":true,"href":"https:\/\/linitiative.ca\/International\/wp-json\/wp\/v2\/categories?post=151333"},{"taxonomy":"post_tag","embeddable":true,"href":"https:\/\/linitiative.ca\/International\/wp-json\/wp\/v2\/tags?post=151333"}],"curies":[{"name":"wp","href":"https:\/\/api.w.org\/{rel}","templated":true}]}}