{"id":151526,"date":"2022-07-01T16:18:03","date_gmt":"2022-07-01T20:18:03","guid":{"rendered":"https:\/\/linitiative.ca\/International\/le-japon-mobilise-plus-de-156-millions-deuros-pour-soutenir-le-secteur-de-leducation-au-maroc\/"},"modified":"2022-07-01T16:18:03","modified_gmt":"2022-07-01T20:18:03","slug":"le-japon-mobilise-plus-de-156-millions-deuros-pour-soutenir-le-secteur-de-leducation-au-maroc","status":"publish","type":"post","link":"https:\/\/linitiative.ca\/International\/le-japon-mobilise-plus-de-156-millions-deuros-pour-soutenir-le-secteur-de-leducation-au-maroc\/","title":{"rendered":"Le Japon mobilise plus de 156 millions d\u2019euros pour soutenir le secteur de l\u2019\u00e9ducation au Maroc"},"content":{"rendered":"<div>\n<p><img decoding=\"async\" width=\"2560\" height=\"1622\" src=\"https:\/\/linitiative.ca\/International\/wp-content\/uploads\/sites\/23\/2022\/07\/16567066845258.jpg\" class=\"attachment-post-thumbnail size-post-thumbnail wp-post-image\" alt=\"\" loading=\"lazy\"><\/p>\n<p>Le Japon a accord\u00e9, vendredi, un pr\u00eat de 22 milliards de yen (156,3 millions d&rsquo;euros) pour le financement du Programme d&rsquo;am\u00e9lioration de l&rsquo;environnement des apprentissages dans le secteur \u00e9ducatif de base au Maroc.L&rsquo;accord de pr\u00eat a sign\u00e9 \u00e0 Rabat par le ministre d\u00e9l\u00e9gu\u00e9 charg\u00e9 du Budget, Fouzi Lekjaa et l&rsquo;ambassadeur extraordinaire et pl\u00e9nipotentiaire du Japon au Maroc, Kuramitsu Hideaki en pr\u00e9sence du Repr\u00e9sentant R\u00e9sident de l&rsquo;Agence Japonaise de la Coop\u00e9ration Internationale (JICA) au Maroc, ITO Takashi, indique un communiqu\u00e9 du minist\u00e8re des finances.<\/p>\n<p>Le programme sign\u00e9 vise \u00e0 appuyer le Maroc dans l&rsquo;am\u00e9lioration de l&rsquo;environnement des apprentissages et la r\u00e9duction des disparit\u00e9s en termes d&rsquo;apprentissages dans les math\u00e9matiques au sein des \u00e9tablissements scolaires, entre les \u00e9tablissements scolaires et entre les m\u00e9nages.<\/p>\n<p>Le Programme d&rsquo;am\u00e9lioration de l&rsquo;environnement des apprentissages dans le secteur \u00e9ducatif de base est en parfaite ad\u00e9quation avec les cadres de r\u00e9f\u00e9rence et les strat\u00e9gies du secteur de l&rsquo;\u00e9ducation nationale, \u00e0 savoir la vision strat\u00e9gique 2015-2030, la loi-cadre 51-17, et les axes phares du Nouveau mod\u00e8le de d\u00e9veloppement, en l&rsquo;occurrence l&rsquo;axe n\u00b0 2 \u00ab pour une \u00e9cole publique de qualit\u00e9 \u00bb et ses cibles \u00e0 l&rsquo;horizon 2035.<\/p>\n<p>Depuis les ann\u00e9es 2000, la JICA a appuy\u00e9 les efforts du Royaume, entrepris dans le secteur \u00e9ducatif de base \u00e0 travers plusieurs instruments. La JICA, bas\u00e9e au Maroc depuis plus de 50 ans, contribue aux \u00e9galement diff\u00e9rents programmes de coop\u00e9ration, en l&rsquo;occurrence les projets de pr\u00eats en yen, les coop\u00e9rations financi\u00e8res non remboursables et les coop\u00e9rations techniques, dont l&rsquo;envoi de volontaires Japonais.<\/p>\n<p>Plus de 38 projets de pr\u00eat concessionnel ont \u00e9t\u00e9 octroy\u00e9s depuis 1976 dans divers secteurs (\u00e9ducation, eau, sant\u00e9, infrastructures, agriculture et p\u00eache maritime), totalisant une enveloppe budg\u00e9taire d&rsquo;environ 312 milliards de yen japonais (pr\u00e8s de 24 milliards de dirhams) dans le but de soutenir le d\u00e9veloppement durable, promouvoir la comp\u00e9titivit\u00e9 \u00e9conomique et contribuer \u00e0 l&rsquo;att\u00e9nuation des disparit\u00e9s socio-spatiales.<\/p>\n<p>Cet article <a rel=\"nofollow\" href=\"https:\/\/www.journalducameroun.com\/le-japon-mobilise-plus-de-156-millions-deuros-pour-soutenir-le-secteur-de-leducation-au-maroc\/\">Le Japon mobilise plus de 156 millions d\u2019euros pour soutenir le secteur de l\u2019\u00e9ducation au Maroc<\/a> est apparu en premier sur <a rel=\"nofollow\" href=\"https:\/\/www.journalducameroun.com\/\">Journal du Cameroun<\/a>.<\/p>\n<\/div>\n<p>Auteur: APA News<br \/>\n<a href=\"https:\/\/www.journalducameroun.com\/le-japon-mobilise-plus-de-156-millions-deuros-pour-soutenir-le-secteur-de-leducation-au-maroc\/\">Cliquez ici pour lire l&rsquo;article depuis sa source.<\/a><\/p>\n","protected":false},"excerpt":{"rendered":"<p>Le Japon a accord\u00e9, vendredi, un pr\u00eat de 22 milliards de yen (156,3 millions d&rsquo;euros) pour le financement du Programme d&rsquo;am\u00e9lioration de l&rsquo;environnement des apprentissages dans le secteur \u00e9ducatif de base au Maroc.L&rsquo;accord de pr\u00eat a sign\u00e9 \u00e0 Rabat par le ministre d\u00e9l\u00e9gu\u00e9 charg\u00e9 du Budget, Fouzi Lekjaa et l&rsquo;ambassadeur extraordinaire et pl\u00e9nipotentiaire du Japon [&hellip;]<\/p>\n","protected":false},"author":1965,"featured_media":0,"comment_status":"closed","ping_status":"closed","sticky":false,"template":"","format":"standard","meta":{"fifu_image_url":"https:\/\/www.journalducameroun.com\/wp-content\/uploads\/2022\/07\/16567066845258.jpg","fifu_image_alt":"Le Japon mobilise plus de 156 millions d\u2019euros pour soutenir le secteur de l\u2019\u00e9ducation au Maroc","footnotes":""},"categories":[73,82],"tags":[],"class_list":["post-151526","post","type-post","status-publish","format-standard","hentry","category-actualite","category-cameroun"],"_links":{"self":[{"href":"https:\/\/linitiative.ca\/International\/wp-json\/wp\/v2\/posts\/151526","targetHints":{"allow":["GET"]}}],"collection":[{"href":"https:\/\/linitiative.ca\/International\/wp-json\/wp\/v2\/posts"}],"about":[{"href":"https:\/\/linitiative.ca\/International\/wp-json\/wp\/v2\/types\/post"}],"author":[{"embeddable":true,"href":"https:\/\/linitiative.ca\/International\/wp-json\/wp\/v2\/users\/1965"}],"replies":[{"embeddable":true,"href":"https:\/\/linitiative.ca\/International\/wp-json\/wp\/v2\/comments?post=151526"}],"version-history":[{"count":0,"href":"https:\/\/linitiative.ca\/International\/wp-json\/wp\/v2\/posts\/151526\/revisions"}],"wp:attachment":[{"href":"https:\/\/linitiative.ca\/International\/wp-json\/wp\/v2\/media?parent=151526"}],"wp:term":[{"taxonomy":"category","embeddable":true,"href":"https:\/\/linitiative.ca\/International\/wp-json\/wp\/v2\/categories?post=151526"},{"taxonomy":"post_tag","embeddable":true,"href":"https:\/\/linitiative.ca\/International\/wp-json\/wp\/v2\/tags?post=151526"}],"curies":[{"name":"wp","href":"https:\/\/api.w.org\/{rel}","templated":true}]}}