{"id":151528,"date":"2022-07-01T16:18:07","date_gmt":"2022-07-01T20:18:07","guid":{"rendered":"https:\/\/linitiative.ca\/International\/maroc-covid-19-une-4eme-dose-preconisee-pour-les-personnes-agees-de-plus-de-60-ans-ministere\/"},"modified":"2022-07-01T16:18:07","modified_gmt":"2022-07-01T20:18:07","slug":"maroc-covid-19-une-4eme-dose-preconisee-pour-les-personnes-agees-de-plus-de-60-ans-ministere","status":"publish","type":"post","link":"https:\/\/linitiative.ca\/International\/maroc-covid-19-une-4eme-dose-preconisee-pour-les-personnes-agees-de-plus-de-60-ans-ministere\/","title":{"rendered":"Maroc\/Covid-19 : Une 4\u00e8me\u00a0dose pr\u00e9conis\u00e9e pour les personnes \u00e2g\u00e9es de plus de 60 ans (minist\u00e8re)"},"content":{"rendered":"<div>\n<p><img decoding=\"async\" width=\"780\" height=\"468\" src=\"https:\/\/linitiative.ca\/International\/wp-content\/uploads\/sites\/23\/2022\/07\/16567066872476.jpg\" class=\"attachment-post-thumbnail size-post-thumbnail wp-post-image\" alt=\"\" loading=\"lazy\" srcset=\"https:\/\/linitiative.ca\/International\/wp-content\/uploads\/sites\/23\/2022\/07\/16567066872476.jpg 780w, https:\/\/www.journalducameroun.com\/wp-content\/uploads\/2022\/07\/16567066872476-300x180.jpg 300w, https:\/\/www.journalducameroun.com\/wp-content\/uploads\/2022\/07\/16567066872476-768x461.jpg 768w, https:\/\/www.journalducameroun.com\/wp-content\/uploads\/2022\/07\/16567066872476-733x440.jpg 733w, https:\/\/www.journalducameroun.com\/wp-content\/uploads\/2022\/07\/16567066872476-600x360.jpg 600w\" sizes=\"auto, (max-width: 780px) 100vw, 780px\"><\/p>\n<p>Le minist\u00e8re marocain de la Sant\u00e9 a pr\u00e9conis\u00e9 l&rsquo;administration d&rsquo;une dose de rappel six mois apr\u00e8s la 3\u00e8me\u00a0dose, particuli\u00e8rement chez les personnes \u00e2g\u00e9es de plus de 60 ans et chez les personnes ayant des comorbidit\u00e9s \u00e0 partir de 18 ans.Dans un communiqu\u00e9, publi\u00e9 ce vendredi, le d\u00e9partement de la Sant\u00e9 a aussi recommand\u00e9 le renforcement de l&rsquo;immunit\u00e9 par une troisi\u00e8me dose 4 mois apr\u00e8s l&rsquo;injection de la deuxi\u00e8me dose chez les personnes incompl\u00e8tement vaccin\u00e9es. En cas d&rsquo;infection r\u00e9cente de Covis-19, la dose de rappel peut \u00eatre faite quatre semaines apr\u00e8s la fin de l&rsquo;\u00e9pisode infectieux, selon le minist\u00e8re.<\/p>\n<p>Le minist\u00e8re appelle \u00e9galement \u00e0 la consolidation des mesures pr\u00e9ventives par le port correct du masque notamment dans les espaces ferm\u00e9s et lors des rassemblements, le lavage des mains et la distanciation physique.<\/p>\n<p>Les services de sant\u00e9 doivent saisir l&rsquo;opportunit\u00e9 du d\u00e9marrage de la saison estivale afin de promouvoir la vaccination contre la Covid-19 aussi bien pour la premi\u00e8re et deuxi\u00e8me dose que pour la dose booster et de rappel, ajoute la m\u00eame source.<\/p>\n<p>Ces mesures s&rsquo;inscrivent dans le cadre de l&rsquo;actualisation de la strat\u00e9gie nationale de vaccination contre la Covid-19 et de la consolidation des acquis enregistr\u00e9s dans le cadre de la lutte contre la pand\u00e9mie, qui connait actuellement une nette recrudescence des cas positifs depuis d\u00e9but juin 2022.<\/p>\n<p>Aujourd&rsquo;hui, le minist\u00e8re de la Sant\u00e9 et de la protection sociale a recens\u00e9 durant les derni\u00e8res 24 heures 3.370 nouveaux cas d&rsquo;infection au Covid-19, portant ainsi \u00e0 1.220.279 le nombre total des cas de contamination.<\/p>\n<p>Quant au nombre de personnes d\u00e9clar\u00e9es gu\u00e9ries, il s&rsquo;est \u00e9lev\u00e9 1.178.088 avec 2.726 nouvelles r\u00e9missions, soit un taux de r\u00e9mission de 96,5%.<\/p>\n<p>Le minist\u00e8re a \u00e9galement annonc\u00e9 que 4 d\u00e9c\u00e8s ont \u00e9t\u00e9 enregistr\u00e9s durant ces derni\u00e8res 24 heures. Le nombre de morts du nouveau coronavirus s&rsquo;\u00e9tablit ainsi \u00e0 16.113 et le taux de l\u00e9talit\u00e9 \u00e0 1,3%.<\/p>\n<p>C\u00f4t\u00e9 vaccination, le nombre de b\u00e9n\u00e9ficiaires a atteint 24.857.863 (+657) pour la premi\u00e8re dose, 23.343.616 (+712) pour la deuxi\u00e8me et 6.559.317 pour la troisi\u00e8me (+3.130).<\/p>\n<p>Cet article <a rel=\"nofollow\" href=\"https:\/\/www.journalducameroun.com\/maroc-covid-19-une-4eme-dose-preconisee-pour-les-personnes-agees-de-plus-de-60-ans-ministere\/\">Maroc\/Covid-19 : Une 4\u00e8me\u00a0dose pr\u00e9conis\u00e9e pour les personnes \u00e2g\u00e9es de plus de 60 ans (minist\u00e8re)<\/a> est apparu en premier sur <a rel=\"nofollow\" href=\"https:\/\/www.journalducameroun.com\/\">Journal du Cameroun<\/a>.<\/p>\n<\/div>\n<p>Auteur: APA News<br \/>\n<a href=\"https:\/\/www.journalducameroun.com\/maroc-covid-19-une-4eme-dose-preconisee-pour-les-personnes-agees-de-plus-de-60-ans-ministere\/\">Cliquez ici pour lire l&rsquo;article depuis sa source.<\/a><\/p>\n","protected":false},"excerpt":{"rendered":"<p>Le minist\u00e8re marocain de la Sant\u00e9 a pr\u00e9conis\u00e9 l&rsquo;administration d&rsquo;une dose de rappel six mois apr\u00e8s la 3\u00e8me\u00a0dose, particuli\u00e8rement chez les personnes \u00e2g\u00e9es de plus de 60 ans et chez les personnes ayant des comorbidit\u00e9s \u00e0 partir de 18 ans.Dans un communiqu\u00e9, publi\u00e9 ce vendredi, le d\u00e9partement de la Sant\u00e9 a aussi recommand\u00e9 le renforcement [&hellip;]<\/p>\n","protected":false},"author":1965,"featured_media":0,"comment_status":"closed","ping_status":"closed","sticky":false,"template":"","format":"standard","meta":{"fifu_image_url":"https:\/\/www.journalducameroun.com\/wp-content\/uploads\/2022\/07\/16567066872476.jpg","fifu_image_alt":"Maroc\/Covid-19 : Une 4\u00e8me\u00a0dose pr\u00e9conis\u00e9e pour les personnes \u00e2g\u00e9es de plus de 60 ans (minist\u00e8re)","footnotes":""},"categories":[73,82],"tags":[],"class_list":["post-151528","post","type-post","status-publish","format-standard","hentry","category-actualite","category-cameroun"],"_links":{"self":[{"href":"https:\/\/linitiative.ca\/International\/wp-json\/wp\/v2\/posts\/151528","targetHints":{"allow":["GET"]}}],"collection":[{"href":"https:\/\/linitiative.ca\/International\/wp-json\/wp\/v2\/posts"}],"about":[{"href":"https:\/\/linitiative.ca\/International\/wp-json\/wp\/v2\/types\/post"}],"author":[{"embeddable":true,"href":"https:\/\/linitiative.ca\/International\/wp-json\/wp\/v2\/users\/1965"}],"replies":[{"embeddable":true,"href":"https:\/\/linitiative.ca\/International\/wp-json\/wp\/v2\/comments?post=151528"}],"version-history":[{"count":0,"href":"https:\/\/linitiative.ca\/International\/wp-json\/wp\/v2\/posts\/151528\/revisions"}],"wp:attachment":[{"href":"https:\/\/linitiative.ca\/International\/wp-json\/wp\/v2\/media?parent=151528"}],"wp:term":[{"taxonomy":"category","embeddable":true,"href":"https:\/\/linitiative.ca\/International\/wp-json\/wp\/v2\/categories?post=151528"},{"taxonomy":"post_tag","embeddable":true,"href":"https:\/\/linitiative.ca\/International\/wp-json\/wp\/v2\/tags?post=151528"}],"curies":[{"name":"wp","href":"https:\/\/api.w.org\/{rel}","templated":true}]}}