{"id":151543,"date":"2022-07-01T15:20:17","date_gmt":"2022-07-01T19:20:17","guid":{"rendered":"https:\/\/linitiative.ca\/International\/lanme-appelle-les-institutions-a-continuer-de-soutenir-les-medias\/"},"modified":"2022-07-01T15:20:17","modified_gmt":"2022-07-01T19:20:17","slug":"lanme-appelle-les-institutions-a-continuer-de-soutenir-les-medias","status":"publish","type":"post","link":"https:\/\/linitiative.ca\/International\/lanme-appelle-les-institutions-a-continuer-de-soutenir-les-medias\/","title":{"rendered":"L\u2019ANME appelle les institutions \u00e0 continuer de\u00a0 soutenir les m\u00e9dias\u00a0"},"content":{"rendered":"<div>\n<p><img decoding=\"async\" width=\"300\" height=\"153\" src=\"https:\/\/linitiative.ca\/International\/wp-content\/uploads\/sites\/23\/2022\/07\/Premiere-rencontre-communicationnelle-de-lANME-sous-la-presidence-de-Driss-Chahtane.-300x153-1.png\" class=\"attachment-medium size-medium wp-post-image\" alt=\"\" loading=\"lazy\" srcset=\"https:\/\/linitiative.ca\/International\/wp-content\/uploads\/sites\/23\/2022\/07\/Premiere-rencontre-communicationnelle-de-lANME-sous-la-presidence-de-Driss-Chahtane.-300x153-1.png 300w, https:\/\/aujourdhui.ma\/wp-content\/uploads\/2022\/07\/Premiere-rencontre-communicationnelle-de-lANME-sous-la-presidence-de-Driss-Chahtane.-274x140.png 274w, https:\/\/aujourdhui.ma\/wp-content\/uploads\/2022\/07\/Premiere-rencontre-communicationnelle-de-lANME-sous-la-presidence-de-Driss-Chahtane.-746x380.png 746w, https:\/\/aujourdhui.ma\/wp-content\/uploads\/2022\/07\/Premiere-rencontre-communicationnelle-de-lANME-sous-la-presidence-de-Driss-Chahtane.-165x84.png 165w, https:\/\/aujourdhui.ma\/wp-content\/uploads\/2022\/07\/Premiere-rencontre-communicationnelle-de-lANME-sous-la-presidence-de-Driss-Chahtane.-702x358.png 702w, https:\/\/aujourdhui.ma\/wp-content\/uploads\/2022\/07\/Premiere-rencontre-communicationnelle-de-lANME-sous-la-presidence-de-Driss-Chahtane..png 745w\" sizes=\"auto, (max-width: 300px) 100vw, 300px\"><\/p>\n<p><span style=\"color: #800000;\"><strong>Premi\u00e8re rencontre communicationnelle de l\u2019ANME sous la pr\u00e9sidence de Driss Chahtane.<\/strong><\/span><span id=\"more-412204\"><\/span><\/p>\n<p>Au cours de cette rencontre, les membres de l\u2019association nationale des m\u00e9dias et des \u00e9diteurs ont appel\u00e9 les institutions concern\u00e9es \u00e0 continuer de soutenir le secteur des m\u00e9dias et les personnes qui y travaillent. Driss Chahtane s\u2019est dit tr\u00e8s honor\u00e9 de b\u00e9n\u00e9ficier de la confiance des membres du Bureau ex\u00e9cutif de l\u2019association, ajoutant que la r\u00e9union a marqu\u00e9 une nouvelle \u00e9tape dans le parcours de l\u2019ANME.<\/p>\n<p>Selon un communiqu\u00e9, la rencontre a \u00e9t\u00e9 une occasion pour une discussion \u00e0 b\u00e2tons rompus concernant les maux dont souffre le secteur. Dans ce sens, tous les acteurs de la profession ont \u00e9t\u00e9 invit\u00e9s \u00e0 faire front derri\u00e8re le Maroc et son int\u00e9grit\u00e9 territoriale.<\/p>\n<\/div>\n<p>Auteur: ALM<br \/>\n<a href=\"https:\/\/aujourdhui.ma\/actualite\/lanme-appelle-les-institutions-a-continuer-de-soutenir-les-medias\">Cliquez ici pour lire l&rsquo;article depuis sa source.<\/a><\/p>\n","protected":false},"excerpt":{"rendered":"<p>Premi\u00e8re rencontre communicationnelle de l\u2019ANME sous la pr\u00e9sidence de Driss Chahtane. Au cours de cette rencontre, les membres de l\u2019association nationale des m\u00e9dias et des \u00e9diteurs ont appel\u00e9 les institutions concern\u00e9es \u00e0 continuer de soutenir le secteur des m\u00e9dias et les personnes qui y travaillent. Driss Chahtane s\u2019est dit tr\u00e8s honor\u00e9 de b\u00e9n\u00e9ficier de la [&hellip;]<\/p>\n","protected":false},"author":1759,"featured_media":0,"comment_status":"closed","ping_status":"closed","sticky":false,"template":"","format":"standard","meta":{"fifu_image_url":"https:\/\/aujourdhui.ma\/wp-content\/uploads\/2022\/07\/Premiere-rencontre-communicationnelle-de-lANME-sous-la-presidence-de-Driss-Chahtane.-300x153.png","fifu_image_alt":"L\u2019ANME appelle les institutions \u00e0 continuer de\u00a0 soutenir les m\u00e9dias\u00a0","footnotes":""},"categories":[73,54],"tags":[],"class_list":["post-151543","post","type-post","status-publish","format-standard","hentry","category-actualite","category-maroc"],"_links":{"self":[{"href":"https:\/\/linitiative.ca\/International\/wp-json\/wp\/v2\/posts\/151543","targetHints":{"allow":["GET"]}}],"collection":[{"href":"https:\/\/linitiative.ca\/International\/wp-json\/wp\/v2\/posts"}],"about":[{"href":"https:\/\/linitiative.ca\/International\/wp-json\/wp\/v2\/types\/post"}],"author":[{"embeddable":true,"href":"https:\/\/linitiative.ca\/International\/wp-json\/wp\/v2\/users\/1759"}],"replies":[{"embeddable":true,"href":"https:\/\/linitiative.ca\/International\/wp-json\/wp\/v2\/comments?post=151543"}],"version-history":[{"count":0,"href":"https:\/\/linitiative.ca\/International\/wp-json\/wp\/v2\/posts\/151543\/revisions"}],"wp:attachment":[{"href":"https:\/\/linitiative.ca\/International\/wp-json\/wp\/v2\/media?parent=151543"}],"wp:term":[{"taxonomy":"category","embeddable":true,"href":"https:\/\/linitiative.ca\/International\/wp-json\/wp\/v2\/categories?post=151543"},{"taxonomy":"post_tag","embeddable":true,"href":"https:\/\/linitiative.ca\/International\/wp-json\/wp\/v2\/tags?post=151543"}],"curies":[{"name":"wp","href":"https:\/\/api.w.org\/{rel}","templated":true}]}}