{"id":151723,"date":"2022-07-04T15:35:58","date_gmt":"2022-07-04T19:35:58","guid":{"rendered":"https:\/\/linitiative.ca\/International\/ministere-du-commerce-des-baisses-sur-la-marge-de-benefice-sur-les-circuits-du-gros-et-du-detail\/"},"modified":"2022-07-04T15:35:58","modified_gmt":"2022-07-04T19:35:58","slug":"ministere-du-commerce-des-baisses-sur-la-marge-de-benefice-sur-les-circuits-du-gros-et-du-detail","status":"publish","type":"post","link":"https:\/\/linitiative.ca\/International\/ministere-du-commerce-des-baisses-sur-la-marge-de-benefice-sur-les-circuits-du-gros-et-du-detail\/","title":{"rendered":"Minist\u00e9re du commerce :des baisses sur la marge de b\u00e9n\u00e9fice sur les circuits du gros et du detail"},"content":{"rendered":"<div>\n<p>Dans le cadre de la strat\u00e9gie sp\u00e9cifique pour soutenir le pouvoir d\u2019achat du citoyen, et apr\u00e8s une s\u00e9rie de r\u00e9unions de coordination, il a \u00e9t\u00e9 convenu par consentement avec les secteurs professionnels, de revoir \u00e0 la baisse la marge de b\u00e9n\u00e9fice \u00e0 la distribution dans les circuits de gros et le d\u00e9tail. A partir du [\u2026]<\/p>\n<p>L\u2019article <a href=\"https:\/\/www.tunisienumerique.com\/ministere-du-commerce-des-baisses-sur-la-marge-de-benefice-sur-les-circuits-du-gros-et-du-detail\/\">Minist\u00e9re du commerce :des baisses sur la marge de b\u00e9n\u00e9fice sur les circuits du gros et du detail<\/a> est apparu en premier sur <a href=\"https:\/\/www.tunisienumerique.com\/\">Tunisie<\/a>.<\/p>\n<\/div>\n<p>Auteur: Hafedh Trabelsi<br \/>\n<a href=\"https:\/\/www.tunisienumerique.com\/ministere-du-commerce-des-baisses-sur-la-marge-de-benefice-sur-les-circuits-du-gros-et-du-detail\/\">Cliquez ici pour lire l&rsquo;article depuis sa source.<\/a><\/p>\n","protected":false},"excerpt":{"rendered":"<p>Dans le cadre de la strat\u00e9gie sp\u00e9cifique pour soutenir le pouvoir d\u2019achat du citoyen, et apr\u00e8s une s\u00e9rie de r\u00e9unions de coordination, il a \u00e9t\u00e9 convenu par consentement avec les secteurs professionnels, de revoir \u00e0 la baisse la marge de b\u00e9n\u00e9fice \u00e0 la distribution dans les circuits de gros et le d\u00e9tail. A partir du [&hellip;]<\/p>\n","protected":false},"author":1789,"featured_media":0,"comment_status":"closed","ping_status":"closed","sticky":false,"template":"","format":"standard","meta":{"fifu_image_url":"","fifu_image_alt":"","footnotes":""},"categories":[73,55],"tags":[],"class_list":["post-151723","post","type-post","status-publish","format-standard","hentry","category-actualite","category-tunisie"],"_links":{"self":[{"href":"https:\/\/linitiative.ca\/International\/wp-json\/wp\/v2\/posts\/151723","targetHints":{"allow":["GET"]}}],"collection":[{"href":"https:\/\/linitiative.ca\/International\/wp-json\/wp\/v2\/posts"}],"about":[{"href":"https:\/\/linitiative.ca\/International\/wp-json\/wp\/v2\/types\/post"}],"author":[{"embeddable":true,"href":"https:\/\/linitiative.ca\/International\/wp-json\/wp\/v2\/users\/1789"}],"replies":[{"embeddable":true,"href":"https:\/\/linitiative.ca\/International\/wp-json\/wp\/v2\/comments?post=151723"}],"version-history":[{"count":0,"href":"https:\/\/linitiative.ca\/International\/wp-json\/wp\/v2\/posts\/151723\/revisions"}],"wp:attachment":[{"href":"https:\/\/linitiative.ca\/International\/wp-json\/wp\/v2\/media?parent=151723"}],"wp:term":[{"taxonomy":"category","embeddable":true,"href":"https:\/\/linitiative.ca\/International\/wp-json\/wp\/v2\/categories?post=151723"},{"taxonomy":"post_tag","embeddable":true,"href":"https:\/\/linitiative.ca\/International\/wp-json\/wp\/v2\/tags?post=151723"}],"curies":[{"name":"wp","href":"https:\/\/api.w.org\/{rel}","templated":true}]}}