{"id":151725,"date":"2022-07-04T16:45:01","date_gmt":"2022-07-04T20:45:01","guid":{"rendered":"https:\/\/linitiative.ca\/International\/le-parti-travail-et-realisation-appelle-au-baycott-du-referendum\/"},"modified":"2022-07-04T16:45:01","modified_gmt":"2022-07-04T20:45:01","slug":"le-parti-travail-et-realisation-appelle-au-baycott-du-referendum","status":"publish","type":"post","link":"https:\/\/linitiative.ca\/International\/le-parti-travail-et-realisation-appelle-au-baycott-du-referendum\/","title":{"rendered":"Le parti \u201ctravail et r\u00e9alisation \u201cappelle au baycott du r\u00e9f\u00e9rendum"},"content":{"rendered":"<div>\n<p>Le parti \u00ab\u00a0Travail et r\u00e9alisation\u00a0\u00bba oppos\u00e9 un non pour le r\u00e9f\u00e9rendum du 25 juillet prochain .Il consid\u00e8re que ce r\u00e9f\u00e9rendum est d\u00e9nu\u00e9 de l\u00e9galit\u00e9 et balise la voie \u00e0 une dictature associ\u00e9e \u00e0 une constitution sous la forme d\u2019un outil de torture \u00a0pour les opposants et le peuple en g\u00e9n\u00e9ral. Dans son communiqu\u00e9, le parti [\u2026]<\/p>\n<p>L\u2019article <a href=\"https:\/\/www.tunisienumerique.com\/le-parti-travail-et-realisation-appelle-au-baycott-du-referendum\/\">Le parti \u201ctravail et r\u00e9alisation \u201cappelle au baycott du r\u00e9f\u00e9rendum<\/a> est apparu en premier sur <a href=\"https:\/\/www.tunisienumerique.com\/\">Tunisie<\/a>.<\/p>\n<\/div>\n<p>Auteur: Hafedh Trabelsi<br \/>\n<a href=\"https:\/\/www.tunisienumerique.com\/le-parti-travail-et-realisation-appelle-au-baycott-du-referendum\/\">Cliquez ici pour lire l&rsquo;article depuis sa source.<\/a><\/p>\n","protected":false},"excerpt":{"rendered":"<p>Le parti \u00ab\u00a0Travail et r\u00e9alisation\u00a0\u00bba oppos\u00e9 un non pour le r\u00e9f\u00e9rendum du 25 juillet prochain .Il consid\u00e8re que ce r\u00e9f\u00e9rendum est d\u00e9nu\u00e9 de l\u00e9galit\u00e9 et balise la voie \u00e0 une dictature associ\u00e9e \u00e0 une constitution sous la forme d\u2019un outil de torture \u00a0pour les opposants et le peuple en g\u00e9n\u00e9ral. Dans son communiqu\u00e9, le parti [&hellip;]<\/p>\n","protected":false},"author":1789,"featured_media":0,"comment_status":"closed","ping_status":"closed","sticky":false,"template":"","format":"standard","meta":{"fifu_image_url":"","fifu_image_alt":"","footnotes":""},"categories":[73,55],"tags":[],"class_list":["post-151725","post","type-post","status-publish","format-standard","hentry","category-actualite","category-tunisie"],"_links":{"self":[{"href":"https:\/\/linitiative.ca\/International\/wp-json\/wp\/v2\/posts\/151725","targetHints":{"allow":["GET"]}}],"collection":[{"href":"https:\/\/linitiative.ca\/International\/wp-json\/wp\/v2\/posts"}],"about":[{"href":"https:\/\/linitiative.ca\/International\/wp-json\/wp\/v2\/types\/post"}],"author":[{"embeddable":true,"href":"https:\/\/linitiative.ca\/International\/wp-json\/wp\/v2\/users\/1789"}],"replies":[{"embeddable":true,"href":"https:\/\/linitiative.ca\/International\/wp-json\/wp\/v2\/comments?post=151725"}],"version-history":[{"count":0,"href":"https:\/\/linitiative.ca\/International\/wp-json\/wp\/v2\/posts\/151725\/revisions"}],"wp:attachment":[{"href":"https:\/\/linitiative.ca\/International\/wp-json\/wp\/v2\/media?parent=151725"}],"wp:term":[{"taxonomy":"category","embeddable":true,"href":"https:\/\/linitiative.ca\/International\/wp-json\/wp\/v2\/categories?post=151725"},{"taxonomy":"post_tag","embeddable":true,"href":"https:\/\/linitiative.ca\/International\/wp-json\/wp\/v2\/tags?post=151725"}],"curies":[{"name":"wp","href":"https:\/\/api.w.org\/{rel}","templated":true}]}}