{"id":151733,"date":"2022-07-04T15:34:45","date_gmt":"2022-07-04T19:34:45","guid":{"rendered":"https:\/\/linitiative.ca\/International\/60e-anniversaire-de-laccession-de-lalgerie-a-la-souverainete-une-independance-meritee-et-toujours-affirmee\/"},"modified":"2022-07-04T15:34:45","modified_gmt":"2022-07-04T19:34:45","slug":"60e-anniversaire-de-laccession-de-lalgerie-a-la-souverainete-une-independance-meritee-et-toujours-affirmee","status":"publish","type":"post","link":"https:\/\/linitiative.ca\/International\/60e-anniversaire-de-laccession-de-lalgerie-a-la-souverainete-une-independance-meritee-et-toujours-affirmee\/","title":{"rendered":"60E ANNIVERSAIRE DE L\u2019ACCESSION DE L\u2019ALGERIE A LA SOUVERAINETE : Une ind\u00e9pendance m\u00e9rit\u00e9e et toujours affirm\u00e9e  \u00a0"},"content":{"rendered":"<div>\n<p><img loading=\"lazy\" decoding=\"async\" width=\"270\" height=\"187\" src=\"https:\/\/linitiative.ca\/International\/wp-content\/uploads\/sites\/23\/2022\/07\/ALGERIE.jpg\" class=\"attachment- size- wp-post-image\" alt=\"\" style=\"float:left; margin:0 15px 15px 0;\" srcset=\"https:\/\/linitiative.ca\/International\/wp-content\/uploads\/sites\/23\/2022\/07\/ALGERIE.jpg 270w, https:\/\/lepays.bf\/wp-content\/uploads\/2022\/07\/ALGERIE-150x104.jpg 150w\" sizes=\"auto, (max-width: 270px) 100vw, 270px\">Le 5 juillet 2022 marque le soixanti\u00e8me anniversaire de l\u2019accession de l\u2019Alg\u00e9rie \u00e0 la souverainet\u00e9. Sur le continent africain, s\u2019il y a une ind\u00e9pendance qui a \u00e9t\u00e9 m\u00e9rit\u00e9e, c\u2019est bien celle de l\u2019Alg\u00e9rie. On pourrait parler aussi des ind\u00e9pendances de l\u2019Angola, du Mozambique, de la [\u2026]<\/p>\n<p>L\u2019article <a rel=\"nofollow\" href=\"https:\/\/lepays.bf\/60e-anniversaire-de-laccession-de-lalgerie-a-la-souverainete-une-independance-meritee-et-toujours-affirmee\/\">60E ANNIVERSAIRE DE L\u2019ACCESSION DE L\u2019ALGERIE A LA SOUVERAINETE : Une ind\u00e9pendance m\u00e9rit\u00e9e et toujours affirm\u00e9e  \u00a0<\/a> est apparu en premier sur <a rel=\"nofollow\" href=\"https:\/\/lepays.bf\/\">Editions Le Pays<\/a>.<\/p>\n<\/div>\n<p>Auteur: Editions LEPAYS<br \/>\n<a href=\"https:\/\/lepays.bf\/60e-anniversaire-de-laccession-de-lalgerie-a-la-souverainete-une-independance-meritee-et-toujours-affirmee\/\">Cliquez ici pour lire l&rsquo;article depuis sa source.<\/a><\/p>\n","protected":false},"excerpt":{"rendered":"<p>Le 5 juillet 2022 marque le soixanti\u00e8me anniversaire de l\u2019accession de l\u2019Alg\u00e9rie \u00e0 la souverainet\u00e9. Sur le continent africain, s\u2019il y a une ind\u00e9pendance qui a \u00e9t\u00e9 m\u00e9rit\u00e9e, c\u2019est bien celle de l\u2019Alg\u00e9rie. On pourrait parler aussi des ind\u00e9pendances de l\u2019Angola, du Mozambique, de la [\u2026] L\u2019article 60E ANNIVERSAIRE DE L\u2019ACCESSION DE L\u2019ALGERIE A LA [&hellip;]<\/p>\n","protected":false},"author":1813,"featured_media":0,"comment_status":"closed","ping_status":"closed","sticky":false,"template":"","format":"standard","meta":{"fifu_image_url":"https:\/\/lepays.bf\/wp-content\/uploads\/2022\/07\/ALGERIE.jpg","fifu_image_alt":"60E ANNIVERSAIRE DE L\u2019ACCESSION DE L\u2019ALGERIE A LA SOUVERAINETE : Une ind\u00e9pendance m\u00e9rit\u00e9e et toujours affirm\u00e9e  \u00a0","footnotes":""},"categories":[73,81],"tags":[],"class_list":["post-151733","post","type-post","status-publish","format-standard","hentry","category-actualite","category-burkina-faso"],"_links":{"self":[{"href":"https:\/\/linitiative.ca\/International\/wp-json\/wp\/v2\/posts\/151733","targetHints":{"allow":["GET"]}}],"collection":[{"href":"https:\/\/linitiative.ca\/International\/wp-json\/wp\/v2\/posts"}],"about":[{"href":"https:\/\/linitiative.ca\/International\/wp-json\/wp\/v2\/types\/post"}],"author":[{"embeddable":true,"href":"https:\/\/linitiative.ca\/International\/wp-json\/wp\/v2\/users\/1813"}],"replies":[{"embeddable":true,"href":"https:\/\/linitiative.ca\/International\/wp-json\/wp\/v2\/comments?post=151733"}],"version-history":[{"count":0,"href":"https:\/\/linitiative.ca\/International\/wp-json\/wp\/v2\/posts\/151733\/revisions"}],"wp:attachment":[{"href":"https:\/\/linitiative.ca\/International\/wp-json\/wp\/v2\/media?parent=151733"}],"wp:term":[{"taxonomy":"category","embeddable":true,"href":"https:\/\/linitiative.ca\/International\/wp-json\/wp\/v2\/categories?post=151733"},{"taxonomy":"post_tag","embeddable":true,"href":"https:\/\/linitiative.ca\/International\/wp-json\/wp\/v2\/tags?post=151733"}],"curies":[{"name":"wp","href":"https:\/\/api.w.org\/{rel}","templated":true}]}}