{"id":151784,"date":"2022-07-05T09:00:04","date_gmt":"2022-07-05T13:00:04","guid":{"rendered":"https:\/\/linitiative.ca\/International\/ouverture-de-la-reunion-du-groupe-africain-des-ministres-des-finances\/"},"modified":"2022-07-05T09:00:04","modified_gmt":"2022-07-05T13:00:04","slug":"ouverture-de-la-reunion-du-groupe-africain-des-ministres-des-finances","status":"publish","type":"post","link":"https:\/\/linitiative.ca\/International\/ouverture-de-la-reunion-du-groupe-africain-des-ministres-des-finances\/","title":{"rendered":"Ouverture de la R\u00e9union du Groupe africain des ministres des Finances"},"content":{"rendered":"<div>\n<div style=\"margin-bottom:20px;\"><img loading=\"lazy\" decoding=\"async\" width=\"750\" height=\"430\" src=\"https:\/\/linitiative.ca\/International\/wp-content\/uploads\/sites\/23\/2022\/07\/cancus-africain-copier.jpg\" class=\"attachment-post-thumbnail size-post-thumbnail wp-post-image\" alt=\"\" srcset=\"https:\/\/linitiative.ca\/International\/wp-content\/uploads\/sites\/23\/2022\/07\/cancus-africain-copier.jpg 750w, https:\/\/www.mapmarrakech.ma\/map\/uploads\/2022\/07\/cancus-africain-copier-300x172.jpg 300w\" sizes=\"auto, (max-width: 750px) 100vw, 750px\"><\/div>\n<p>Plac\u00e9e sous le Haut Patronage de Sa Majest\u00e9 le Roi Mohammed VI, cette r\u00e9union qui se poursuit jusqu\u2019au 6 juillet, offre l\u2019opportunit\u00e9 d\u2019analyser les d\u00e9fis qui s\u2019imposent aux pays africains et d\u2019\u00e9changer autour des moyens susceptibles de les aider \u00e0 y faire face.<\/p>\n<p>La c\u00e9r\u00e9monie d\u2019ouverture de cet \u00e9v\u00e9nement de grande envergure a \u00e9t\u00e9 marqu\u00e9e par un Message Royal adress\u00e9 par Sa Majest\u00e9 le Roi Mohammed VI aux participants dont, lecture a \u00e9t\u00e9 donn\u00e9e par la ministre de l\u2019Economie et des Finances, Mme Nadia Fettah Alaoui.<\/p>\n<p>Dans ce message Royal, Sa Majest\u00e9 le Roi Mohammed VI a soulign\u00e9 la n\u00e9cessit\u00e9 d\u2019un \u00ab\u00a0soutien plus appuy\u00e9 et une coop\u00e9ration internationale plus cons\u00e9quente en faveur des pays africains\u00a0\u00bb pour \u00ab\u00a0leur \u00e9pargner d\u2019\u00eatre s\u00e9v\u00e8rement touch\u00e9s par la vague inflationniste qui frappe l\u2019\u00e9conomie mondiale et pour les aider \u00e0 d\u00e9velopper une plus forte r\u00e9silience aux chocs ext\u00e9rieurs\u00a0\u00bb.<\/p>\n<p>Le Souverain a indiqu\u00e9 que le monde sortait \u00e0 peine de l\u2019emprise de la pand\u00e9mie Covid-19 que l\u2019\u00e9conomie globale s\u2019est trouv\u00e9e prise dans une spirale de perturbations in\u00e9dites des cha\u00eenes d\u2019approvisionnement et soumise \u00e0 des pressions inflationnistes croissantes et \u00e0 une hausse record des cours de l\u2019\u00e9nergie, des produits alimentaires et des mati\u00e8res premi\u00e8res.<\/p>\n<p>Le Continent africain appara\u00eet, dans cette conjoncture difficile, \u00ab\u00a0comme l\u2019une des r\u00e9gions les plus touch\u00e9es, tant au regard des multiples p\u00e9rils qui menacent sa s\u00e9curit\u00e9 alimentaire et \u00e9nerg\u00e9tique que de la baisse des taux de sa croissance \u00e9conomique\u00a0\u00bb, a relev\u00e9 SM le Roi.<\/p>\n<p>Dans une allocution de circonstance \u00e0 cette occasion, Mme Fettah Alaoui a mis en relief l\u2019engagement constant de Sa Majest\u00e9 le Roi Mohammed VI en faveur de l\u2019action commune et de la solidarit\u00e9 africaine, relevant que le \u00ab\u00a0Caucus africain\u00a0\u00bb 2022 abordera des questions d\u2019une grande importance pour le Continent, en particulier la mani\u00e8re la plus appropri\u00e9e pour d\u00e9fendre les int\u00e9r\u00eats de l\u2019Afrique \u00e0 la Banque Mondiale et au FMI et la mobilisation des institutions de Breton Woods pour apporter un soutien plus efficace \u00e0 l\u2019Afrique dans la poursuite de sa r\u00e9silience.<\/p>\n<p>Dans ce sillage, elle a fait remarquer que les pays africains font face \u00e0 une conjonction marqu\u00e9e par des crises et des d\u00e9fis d\u2019une ampleur sans pr\u00e9c\u00e9dent, alors que la pand\u00e9mie de la Covid-19 a frein\u00e9 des d\u00e9cennies de progr\u00e8s enregistr\u00e9 en mati\u00e8re de d\u00e9veloppement sur notre Continent, avec des indicateurs de pauvret\u00e9 tendant \u00e0 la hausse.<\/p>\n<p>Et de poursuivre que la pand\u00e9mie, ajout\u00e9e \u00e0 la crise ukrainienne et aux changements climatiques ont eu pour effet d\u2019amplifier les d\u00e9fis de d\u00e9veloppement d\u00e9j\u00e0 existants en Afrique, y compris ceux li\u00e9s aux jeunes, au ch\u00f4mage, \u00e0 la fracture num\u00e9rique et \u00e0 l\u2019ins\u00e9curit\u00e9 \u00e9nerg\u00e9tique et alimentaire.<\/p>\n<p>Mme Fettah Alaoui a, par ailleurs, indiqu\u00e9 que lors de ce \u00ab\u00a0Caucus Africain\u00a0\u00bb, les discussions porteront sur le financement du d\u00e9veloppement de l\u2019Afrique, le repositionnement de la dette publique comme catalyseur, la reprise \u00e9conomique et la croissance durable et repenser la finance mondiale et sur l\u2019int\u00e9gration r\u00e9gionale, en particulier dans des domaines tels que l\u2019\u00e9nergie, la num\u00e9risation et la jeunesse, les initiatives d\u2019entrepreneuriat, et la crise climatique et s\u00e9curit\u00e9 alimentaire en Afrique.<\/p>\n<p>De son c\u00f4t\u00e9, le Haut Repr\u00e9sentant pour le Fonds de la Paix de l\u2019Union Africaine (UA), Dr. Donald Kaberuka, a plaid\u00e9 en faveur d\u2019un appui international solide et constant afin de permettre \u00e0 l\u2019Afrique de transcender les \u00e9normes difficult\u00e9s auxquelles elle fait face, lesquelles sont engendr\u00e9es par la pand\u00e9mie de la Covid-19 et la guerre en Ukraine, relevant que le FMI et le GBM ont jou\u00e9 un r\u00f4le de taille dans le cadre du soutien au Continent face \u00e0 cette crise pand\u00e9mique.<\/p>\n<p>Afin de faire face \u00e0 ces crises, M. Kaberuka s\u2019est dit en faveur de l\u2019encouragement de la culture du bl\u00e9, en tirant profit des \u00e9normes potentialit\u00e9s agricoles que rec\u00e8le le Continent et qui demeurent encore inexploit\u00e9es, et en misant sur l\u2019industrie des engrais, telle que d\u00e9velopp\u00e9 par le Maroc pour le d\u00e9veloppement de ce secteur.<\/p>\n<p>Dans ce cadre, M. Kaberuka a estim\u00e9 que la r\u00e9silience de l\u2019Afrique passe in\u00e9luctablement par la r\u00e9forme des syst\u00e8mes de sant\u00e9 et la g\u00e9n\u00e9ralisation de la protection sociale, la gestion de la dette et de la qualit\u00e9 des d\u00e9penses, et la promotion d\u2019une v\u00e9ritable industrie pharmaceutique africaine, mettant en relief, \u00e0 titre d\u2019exemple, le projet de r\u00e9alisation au Maroc d\u2019une unit\u00e9 de fabrication de vaccins anti Covid-19 et d\u2019autres vaccins et qui devra contribuer \u00e0 assurer et \u00e0 garantir la souverainet\u00e9 vaccinale du Continent africain.<\/p>\n<p>Le Caucus africain, dont le Maroc assure la pr\u00e9sidence pour l\u2019ann\u00e9e en cours, se r\u00e9unit \u00e0 Marrakech, afin de coordonner et d\u2019harmoniser les positions des Gouverneurs Africains concernant le m\u00e9morandum annuel qui est adress\u00e9 au FMI et au GBM et pr\u00e9sent\u00e9 \u00e0 l\u2019occasion des Assembl\u00e9es Annuelles de ces deux institutions.<\/p>\n<p>Plusieurs questions sont inscrites \u00e0 l\u2019ordre du jour de cette r\u00e9union, notamment la probl\u00e9matique de la dette, les enjeux de la digitalisation et le changement climatique.<\/p>\n<p>Les participants \u00e0 cet \u00e9v\u00e9nement \u00e9conomique d\u00e9battront de plusieurs th\u00e9matiques \u00e0 savoir : \u00ab\u00a0Financer le d\u00e9veloppement de l\u2019Afrique : les d\u00e9fis de la conjoncture actuelle\u00a0\u00bb,\u00a0 \u00ab\u00a0Repositionner la dette publique comme catalyseur de la relance \u00e9conomique et croissance durable\u00a0\u00bb, \u00ab\u00a0Repenser l\u2019architecture financi\u00e8re mondiale\u00a0\u00bb, \u00ab\u00a0l\u2019int\u00e9gration r\u00e9gionale \u00e9conomique\u00a0\u00bb, \u00ab\u00a0la crise climatique\u00a0\u00bb et \u00ab\u00a0faire face \u00e0 l\u2019impact du climat sur l\u2019alimentation s\u00e9curit\u00e9\u00a0\u00bb<\/p>\n<p>Les travaux de cette rencontre seront sanctionn\u00e9s par l\u2019adoption de la \u00ab\u00a0D\u00e9claration de Marrakech\u00a0\u00bb.<\/p>\n<p>Cr\u00e9\u00e9 en 1963, le \u00ab\u00a0Caucus Africain\u00a0\u00bb est un forum de consultation des pays africains pour la coordination avec le FMI et le GBM dans les programmes de d\u00e9veloppement commun.<\/p>\n<p>Ce Caucus se r\u00e9unit g\u00e9n\u00e9ralement une fois par an (juillet-ao\u00fbt), \u00e0 l\u2019initiative de son pr\u00e9sident, afin de coordonner et d\u2019harmoniser les positions des gouverneurs africains concernant le m\u00e9morandum annuel qui est adress\u00e9 au FMI et au GBM et pr\u00e9sent\u00e9 \u00e0 l\u2019occasion des Assembl\u00e9es Annuelles de ces deux institutions.<\/p>\n<p>The post <a rel=\"nofollow\" href=\"https:\/\/www.mapmarrakech.ma\/fr\/ouverture-de-la-reunion-du-groupe-africain-des-ministres-des-finances\/\">Ouverture de la R\u00e9union du Groupe africain des ministres des Finances<\/a> appeared first on <a rel=\"nofollow\" href=\"https:\/\/www.mapmarrakech.ma\/fr\">MapMarrakech<\/a>.<\/p>\n<\/div>\n<p>Auteur: Meriem IGASS<br \/>\n<a href=\"https:\/\/www.mapmarrakech.ma\/fr\/ouverture-de-la-reunion-du-groupe-africain-des-ministres-des-finances\/\">Cliquez ici pour lire l&rsquo;article depuis sa source.<\/a><\/p>\n","protected":false},"excerpt":{"rendered":"<p>Plac\u00e9e sous le Haut Patronage de Sa Majest\u00e9 le Roi Mohammed VI, cette r\u00e9union qui se poursuit jusqu\u2019au 6 juillet, offre l\u2019opportunit\u00e9 d\u2019analyser les d\u00e9fis qui s\u2019imposent aux pays africains et d\u2019\u00e9changer autour des moyens susceptibles de les aider \u00e0 y faire face. La c\u00e9r\u00e9monie d\u2019ouverture de cet \u00e9v\u00e9nement de grande envergure a \u00e9t\u00e9 marqu\u00e9e [&hellip;]<\/p>\n","protected":false},"author":1788,"featured_media":0,"comment_status":"closed","ping_status":"closed","sticky":false,"template":"","format":"standard","meta":{"fifu_image_url":"https:\/\/www.mapmarrakech.ma\/map\/uploads\/2022\/07\/cancus-africain-copier.jpg","fifu_image_alt":"Ouverture de la R\u00e9union du Groupe africain des ministres des Finances","footnotes":""},"categories":[54,76],"tags":[],"class_list":["post-151784","post","type-post","status-publish","format-standard","hentry","category-maroc","category-regions"],"_links":{"self":[{"href":"https:\/\/linitiative.ca\/International\/wp-json\/wp\/v2\/posts\/151784","targetHints":{"allow":["GET"]}}],"collection":[{"href":"https:\/\/linitiative.ca\/International\/wp-json\/wp\/v2\/posts"}],"about":[{"href":"https:\/\/linitiative.ca\/International\/wp-json\/wp\/v2\/types\/post"}],"author":[{"embeddable":true,"href":"https:\/\/linitiative.ca\/International\/wp-json\/wp\/v2\/users\/1788"}],"replies":[{"embeddable":true,"href":"https:\/\/linitiative.ca\/International\/wp-json\/wp\/v2\/comments?post=151784"}],"version-history":[{"count":0,"href":"https:\/\/linitiative.ca\/International\/wp-json\/wp\/v2\/posts\/151784\/revisions"}],"wp:attachment":[{"href":"https:\/\/linitiative.ca\/International\/wp-json\/wp\/v2\/media?parent=151784"}],"wp:term":[{"taxonomy":"category","embeddable":true,"href":"https:\/\/linitiative.ca\/International\/wp-json\/wp\/v2\/categories?post=151784"},{"taxonomy":"post_tag","embeddable":true,"href":"https:\/\/linitiative.ca\/International\/wp-json\/wp\/v2\/tags?post=151784"}],"curies":[{"name":"wp","href":"https:\/\/api.w.org\/{rel}","templated":true}]}}