{"id":151786,"date":"2022-07-05T09:23:33","date_gmt":"2022-07-05T13:23:33","guid":{"rendered":"https:\/\/linitiative.ca\/International\/sm-le-roi-adresse-un-message-a-la-reunion-du-groupe-africain-des-ministres-des-finances-et-des-gouverneurs-des-banques-centrales-des-etats-africains-membres-de-la-bm-et-du-fmi\/"},"modified":"2022-07-05T09:23:33","modified_gmt":"2022-07-05T13:23:33","slug":"sm-le-roi-adresse-un-message-a-la-reunion-du-groupe-africain-des-ministres-des-finances-et-des-gouverneurs-des-banques-centrales-des-etats-africains-membres-de-la-bm-et-du-fmi","status":"publish","type":"post","link":"https:\/\/linitiative.ca\/International\/sm-le-roi-adresse-un-message-a-la-reunion-du-groupe-africain-des-ministres-des-finances-et-des-gouverneurs-des-banques-centrales-des-etats-africains-membres-de-la-bm-et-du-fmi\/","title":{"rendered":"SM le Roi adresse un message \u00e0 la R\u00e9union du Groupe africain des ministres des Finances et des gouverneurs des Banques centrales des Etats africains membres de la BM et du FMI"},"content":{"rendered":"<div>\n<div style=\"margin-bottom:20px;\"><img loading=\"lazy\" decoding=\"async\" width=\"750\" height=\"430\" src=\"https:\/\/linitiative.ca\/International\/wp-content\/uploads\/sites\/23\/2022\/07\/SM-le-Roi.jpg\" class=\"attachment-post-thumbnail size-post-thumbnail wp-post-image\" alt=\"\" srcset=\"https:\/\/linitiative.ca\/International\/wp-content\/uploads\/sites\/23\/2022\/07\/SM-le-Roi.jpg 750w, https:\/\/www.mapmarrakech.ma\/map\/uploads\/2022\/05\/SM-le-Roi-300x172.jpg 300w\" sizes=\"auto, (max-width: 750px) 100vw, 750px\"><\/div>\n<p>Voici le texte int\u00e9gral du message Royal dont lecture a \u00e9t\u00e9 donn\u00e9e par\u00a0la ministre de l\u2019Economie et des Finances, Mme Nadia Fettah Alaoui.<\/p>\n<p>\u00a0<\/p>\n<p>\u00ab\u00a0Louange \u00e0 Dieu.<\/p>\n<p>Paix et salut sur le Proph\u00e8te, Sa famille et Ses compagnons.<\/p>\n<p>\u00a0<\/p>\n<p><b>Excellences,<\/b><\/p>\n<p><b>Mesdames, Messieurs,<\/b><\/p>\n<p>Nous sommes heureux de souhaiter la bienvenue aux honorables h\u00f4tes du Maroc, qui prennent part \u00e0 l\u2019\u00e9dition 2022 de la R\u00e9union du Groupe africain des ministres des Finances et des gouverneurs des Banques centrales des Etats africains membres de la Banque mondiale et du Fonds mon\u00e9taire international (Caucus africain). C\u2019est d\u2019autant plus vrai que Nous avons eu \u00e0 c\u0153ur de placer cette assembl\u00e9e sous Notre Haut Patronage.<\/p>\n<p>Nous tenons d\u2019embl\u00e9e \u00e0 saluer le r\u00f4le capital dont le groupe africain s\u2019acquitte depuis sa cr\u00e9ation en 1963, et qui consiste \u00e0 donner aux gouverneurs africains une voix plus audible au sein des Institutions de Bretton Woods, s\u2019agissant des d\u00e9fis li\u00e9s au d\u00e9veloppement socio-\u00e9conomique des pays de notre continent.<\/p>\n<p><b>Excellences,<\/b><\/p>\n<p><b>Mesdames, Messieurs,<\/b><\/p>\n<p>Ainsi que vous le savez, le monde sortait \u00e0 peine de l\u2019emprise de la pand\u00e9mie Covid-19 que l\u2019\u00e9conomie globale s\u2019est trouv\u00e9e prise dans une spirale de perturbations in\u00e9dites des cha\u00eenes d\u2019approvisionnement et soumise \u00e0 des pressions inflationnistes croissantes et \u00e0 une hausse record des cours de l\u2019\u00e9nergie, des produits alimentaires et des mati\u00e8res premi\u00e8res. \u00c0 l\u2019\u00e9vidence, de tels bouleversements ont des effets dommageables sur les soci\u00e9t\u00e9s.<\/p>\n<p>Cette crise affecte in\u00e9galement les pays africains, ses effets variant selon les potentialit\u00e9s \u00e9conomiques et les besoins de chacun en mati\u00e8res premi\u00e8res, notamment \u00e9nerg\u00e9tiques et alimentaires.<\/p>\n<p>Dans cette conjoncture difficile, notre continent appara\u00eet comme l\u2019une des r\u00e9gions les plus touch\u00e9es, tant au regard des multiples p\u00e9rils qui menacent sa s\u00e9curit\u00e9 alimentaire et \u00e9nerg\u00e9tique que de la baisse des taux de sa croissance \u00e9conomique. Les conditions sociales s\u2019en trouvent ainsi fortement d\u00e9grad\u00e9es dans bon nombre de pays africains.<\/p>\n<p>Dans un contexte de p\u00e9nurie des financements concessionnels et de durcissement des conditions de leur attribution, l\u2019augmentation des besoins en financement entraine un rench\u00e9rissement aigu du service de la dette qui plombe davantage la situation \u00e9conomique de nombreux pays africains.<\/p>\n<p>Aussi un soutien plus appuy\u00e9 et une coop\u00e9ration internationale plus cons\u00e9quente en faveur des pays africains sont-ils plus que jamais n\u00e9cessaires pour leur \u00e9pargner d\u2019\u00eatre s\u00e9v\u00e8rement touch\u00e9s par la vague inflationniste qui frappe l\u2019\u00e9conomie mondiale et pour les aider \u00e0 d\u00e9velopper une plus forte r\u00e9silience aux chocs ext\u00e9rieurs.<\/p>\n<p><b>Excellences,<\/b><\/p>\n<p><b>Mesdames, Messieurs,<\/b><\/p>\n<p>Certes, la communaut\u00e9 internationale, notamment le Fonds mon\u00e9taire international et la Banque mondiale, s\u2019est largement mobilis\u00e9e pour venir en aide aux pays affect\u00e9s successivement par la pand\u00e9mie Covid-19 et la crise ukrainienne. C\u2019est ainsi qu\u2019ont \u00e9t\u00e9 prises, \u00e0 leur endroit, des mesures et des initiatives pour all\u00e9ger le poids du service de la dette, r\u00e9duire leur d\u00e9ficit de financement et pr\u00e9server leurs \u00e9quilibres ext\u00e9rieurs.<\/p>\n<p>Mais, ces initiatives, bien que louables, restent insuffisantes, compte tenu de l\u2019ampleur des d\u00e9fis auxquels les pays africains sont confront\u00e9s dans leur qu\u00eate d\u2019un d\u00e9veloppement durable et int\u00e9gr\u00e9. En effet, force est de reconna\u00eetre que des carences structurelles persistent encore dans les mod\u00e8les de croissance \u00e9conomique et les r\u00e9seaux de protection sociale en Afrique.<\/p>\n<p>Ainsi que vous le savez, de nombreuses \u00e9conomies africaines sont peu diversifi\u00e9es et reposent en grande partie sur l\u2019exportation de mati\u00e8res premi\u00e8res. Outre des fili\u00e8res agricoles largement tributaires des al\u00e9as climatiques, elles p\u00e2tissent d\u2019une faible mise en valeur du potentiel d\u00e9mographique consid\u00e9rable dont elles disposent.<\/p>\n<p>Afin de corriger ces d\u00e9faillances, les efforts doivent s\u2019intensifier pour \u00e9laborer des programmes int\u00e9gr\u00e9s de d\u00e9veloppement, selon des objectifs clairs et des instruments de financement innovants. Ces dispositifs devront inscrire le citoyen africain au c\u0153ur de leurs pr\u00e9occupations et s\u2019articuler essentiellement autour d\u2019une mise en valeur des opportunit\u00e9s d\u2019int\u00e9gration \u00e9conomique entre les pays africains. Ils supposent \u00e9galement une implication active du continent dans la dynamique de transformation num\u00e9rique et de transition \u00e9nerg\u00e9tique \u00e0 l\u2019\u0153uvre dans le monde.<\/p>\n<p><b>Excellences,<\/b><\/p>\n<p><b>Mesdames, Messieurs,<\/b><\/p>\n<p>En tenant ses assises dans ce contexte singulier, le Caucus africain des ministres des finances et des gouverneurs des banques centrales offre l\u2019opportunit\u00e9 d\u2019analyser les d\u00e9fis qui s\u2019imposent \u00e0 nos pays et d\u2019\u00e9changer autour des moyens susceptibles de les aider \u00e0 y faire face.<\/p>\n<p>A cet \u00e9gard, Nous nous f\u00e9licitons de la pertinence des questions inscrites \u00e0 l\u2019ordre du jour de cette r\u00e9union, au premier chef desquelles figurent la probl\u00e9matique de la dette, les enjeux de la digitalisation et le changement climatique.<\/p>\n<p>S\u2019agissant de la dette, elle est consid\u00e9r\u00e9e unanimement comme l\u2019un des d\u00e9fis \u00e9conomiques majeurs pour l\u2019ensemble des pays africains. C\u2019est \u00e0 juste titre que cette question interpelle sans cesse la communaut\u00e9 internationale tout enti\u00e8re. De fait, dans la plupart des pays africains, la dette ob\u00e8re chaque jour un peu plus les ressources limit\u00e9es affect\u00e9es au processus de d\u00e9veloppement. Bien plus, elle hypoth\u00e8que l\u2019avenir des g\u00e9n\u00e9rations montantes et met \u00e0 mal leur droit l\u00e9gitime \u00e0 la prosp\u00e9rit\u00e9.<\/p>\n<p>A cet \u00e9gard, avec le concours d\u2019autres organismes financiers, r\u00e9gionaux et internationaux, les institutions de Bretton Woods peuvent proposer des solutions techniques et des formules de financement appropri\u00e9es qui permettraient aux pays africains, particuli\u00e8rement ceux \u00e0 faible revenu, de mieux g\u00e9rer leur endettement. Mais ces solutions de financement restent de nature purement conjoncturelle si l\u2019on consid\u00e8re le d\u00e9ficit de financement colossal dont souffrent les pays africains, actuellement confront\u00e9s \u00e0 des besoins de financement gigantesques, estim\u00e9s annuellement \u00e0 des centaines de milliards de dollars.<\/p>\n<p>Dans cette optique, il s\u2019av\u00e8re important de d\u00e9velopper de nouvelles options de financement \u00e0 vocation structurelle, s\u2019appuyant essentiellement sur une mobilisation accrue des ressources locales. Pour cela, il convient d\u2019engager des r\u00e9formes structurantes ayant vocation \u00e0 am\u00e9liorer le rendement des r\u00e9gimes fiscaux, accro\u00eetre l\u2019efficience de la d\u00e9pense publique, renforcer l\u2019attractivit\u00e9 des investissements \u00e9trangers, d\u00e9velopper les partenariats public-priv\u00e9.<\/p>\n<p>Dans un autre registre, le changement climatique constitue l\u2019un des d\u00e9fis les plus pressants pour le continent africain, au vu de la gravit\u00e9 de ses impacts qui affectent durablement tous les aspects de la vie dans nos pays.<\/p>\n<p>Bien que les pays africains contribuent le moins aux \u00e9missions de gaz \u00e0 effet de serre, principale cause du changement climatique, ils sont paradoxalement parmi les plus vuln\u00e9rables aux cons\u00e9quences de ce ph\u00e9nom\u00e8ne, \u00e0 la suite d\u2019ann\u00e9es successives, marqu\u00e9es par la s\u00e9cheresse, une pluviom\u00e9trie rare, une d\u00e9sertification accrue.<\/p>\n<p>Eu \u00e9gard \u00e0 la nature particuli\u00e8re du d\u00e9fi climatique, ph\u00e9nom\u00e8ne mondial qui r\u00e9siste aux solutions individuelles, la communaut\u00e9 internationale devrait se montrer r\u00e9ceptive aux revendications port\u00e9es \u00e0 cet \u00e9gard par les pays africains.<\/p>\n<p>Elle lui appartient \u00e9galement de mobiliser les ressources financi\u00e8res et techniques n\u00e9cessaires pour soutenir les pays du Continent dans leurs efforts pour enrayer les effets du changement climatique ou pour s\u2019y adapter.<\/p>\n<p>C\u2019est d\u2019autant plus vrai que l\u2019Afrique est le seul continent \u00e0 ne recevoir qu\u2019une infime partie des fonds promis dans le cadre de l\u2019Accord de Paris sur le climat.<\/p>\n<p>Corr\u00e9lativement, nos Etats africains sont appel\u00e9s \u00e0 r\u00e9orienter leurs mod\u00e8les de d\u00e9veloppement vers des modes de production et de consommation plus durables, compte tenu des contraintes impos\u00e9es par le changement climatique, aussi bien en termes de ressources naturelles disponibles que de choix \u00e9conomiques.<\/p>\n<p><b>Excellences,<\/b><\/p>\n<p><b>Mesdames, Messieurs,<\/b><\/p>\n<p>L\u2019endettement \u00e9lev\u00e9 et le changement climatique sont des d\u00e9fis majeurs qui mettent en p\u00e9ril la stabilit\u00e9 des \u00e9conomies africaines ainsi que la p\u00e9rennit\u00e9 de leurs mod\u00e8les de d\u00e9veloppement. En revanche, la transition num\u00e9rique offre aux pays africains d\u2019immenses opportunit\u00e9s de d\u00e9veloppement dont il convient de tirer le meilleur parti.<\/p>\n<p>De fait, la technologie num\u00e9rique constitue un changement structurel dans la mani\u00e8re d\u2019appr\u00e9hender le monde qui nous entoure, car elle permet l\u2019\u00e9mergence de nouveaux sch\u00e9mas de production et de consommation susceptibles d\u2019accroitre les opportunit\u00e9s d\u2019investissement et de cr\u00e9er par cons\u00e9quent plus d\u2019emplois.<\/p>\n<p>Par ailleurs, les m\u00e9dias num\u00e9riques sont des outils remarquables pour rehausser le niveau d\u2019inclusion financi\u00e8re et pour \u00e9tendre le champ de la couverture sanitaire et de la protection sociale.<\/p>\n<p>N\u00e9anmoins, en tant que choix \u00e9conomique, la digitalisation requiert un nombre suffisant de ressources humaines sp\u00e9cialis\u00e9es, un enracinement de cette culture au sein des diff\u00e9rentes franges de la soci\u00e9t\u00e9, ainsi que la mise en place d\u2019infrastructures techniques en phase avec les \u00e9volutions fulgurantes dans ce secteur.<\/p>\n<p>Bien que cette technologie implique des enjeux complexes auxquels il est difficile de faire face, il y a lieu d\u2019acc\u00e9l\u00e9rer le rythme de digitalisation de nos soci\u00e9t\u00e9s africaines, afin de combler le foss\u00e9 qui nous s\u00e9pare des pays avanc\u00e9s et pouvoir, d\u00e8s lors, r\u00e9colter les fruits de la mutation num\u00e9rique \u00e0 l\u2019\u00e9chelle plan\u00e9taire.<\/p>\n<p>Afin de relever ce d\u00e9fi, il importe de mettre \u00e0 disposition les ressources financi\u00e8res et humaines indispensables, en particulier il convient de mettre \u00e0 profit des profils issus de l\u2019Afrique \u00e0 m\u00eame d\u2019apporter des solutions num\u00e9riques adapt\u00e9es aux sp\u00e9cificit\u00e9s culturelles et sociales de nos pays respectifs.<\/p>\n<p>\u00a0<\/p>\n<p><b>Excellences,<\/b><\/p>\n<p><b>Mesdames, Messieurs,<\/b><\/p>\n<p>La coop\u00e9ration sud-sud demeure la voie la mieux indiqu\u00e9e pour promouvoir le d\u00e9veloppement \u00e9conomique dans les pays du Continent.<\/p>\n<p>Fort de sa conviction immuable et de son engagement constant, le Maroc compte d\u00e9sormais \u00e0 son actif des r\u00e9alisations significatives sous forme de projets structurants, \u00e0 l\u2019instar du projet de gazoduc entre le Maroc et le Nig\u00e9ria qui devrait fortement contribuer \u00e0 renforcer la s\u00e9curit\u00e9 \u00e9nerg\u00e9tique de bon nombre de pays africains.<\/p>\n<p>En outre, nonobstant les d\u00e9fis li\u00e9s \u00e0 la crise actuelle, les progr\u00e8s accomplis dans l\u2019op\u00e9rationnalisation de la Zone de libre-\u00e9change continentale africaine (ZLECAF) attestent une fois encore la capacit\u00e9 des pays du Continent \u00e0 renforcer leur int\u00e9gration \u00e9conomique selon une vision commune.<\/p>\n<p>La mise en \u0153uvre effective de cette zone dans les meilleurs d\u00e9lais permettra d\u2019acc\u00e9l\u00e9rer l\u2019int\u00e9gration des \u00e9conomies africaines entre elles et dans les chaines de valeurs mondiales; la coop\u00e9ration commerciale et \u00e9conomique sud-sud que Nous appelons de Nos v\u0153ux s\u2019en trouvera assur\u00e9ment renforc\u00e9e.<\/p>\n<p>En outre, Nous saisissons cette occasion pour inviter de nouveau, Nos partenaires bilat\u00e9raux et multilat\u00e9raux \u00e0 accompagner les efforts sans cesse d\u00e9ploy\u00e9s par les Etats de Notre Continent, en mati\u00e8re de d\u00e9veloppement.<\/p>\n<p>Cet accompagnement qui s\u2019inscrit dans le cadre d\u2019un partenariat strat\u00e9gique gagnant-gagnant permettra aux Etats africains de se doter des ressources suffisantes pour promouvoir la dynamique de d\u00e9veloppement durable et, in fine, assurer \u00e0 leurs peuples respectifs les conditions d\u2019une vie d\u00e9cente et paisible.<\/p>\n<p>Nous saluons les efforts louables que vous d\u00e9ployez sans rel\u00e2che afin de soutenir l\u2019action visant \u00e0 relever les d\u00e9fis du d\u00e9veloppement socio-\u00e9conomique dans notre Continent. Nous vous souhaitons de nouveau la bienvenue au Maroc et Nous adressons \u00e0 votre honorable assembl\u00e9e Nos v\u0153ux de plein succ\u00e8s dans ses travaux.<\/p>\n<p>\u00a0<\/p>\n<p>Wassalamou alaikoum warahmatoullahi wabarakatouhou\u00a0\u00bb.<\/p>\n<p>The post <a rel=\"nofollow\" href=\"https:\/\/www.mapmarrakech.ma\/fr\/sm-le-roi-adresse-un-message-a-la-reunion-du-groupe-africain-des-ministres-des-finances-et-des-gouverneurs-des-banques-centrales-des-etats-africains-membres-de-la-bm-et-du-fmi\/\">SM le Roi adresse un message \u00e0 la R\u00e9union du Groupe africain des ministres des Finances et des gouverneurs des Banques centrales des Etats africains membres de la BM et du FMI<\/a> appeared first on <a rel=\"nofollow\" href=\"https:\/\/www.mapmarrakech.ma\/fr\">MapMarrakech<\/a>.<\/p>\n<\/div>\n<p>Auteur: Meriem IGASS<br \/>\n<a href=\"https:\/\/www.mapmarrakech.ma\/fr\/sm-le-roi-adresse-un-message-a-la-reunion-du-groupe-africain-des-ministres-des-finances-et-des-gouverneurs-des-banques-centrales-des-etats-africains-membres-de-la-bm-et-du-fmi\/\">Cliquez ici pour lire l&rsquo;article depuis sa source.<\/a><\/p>\n","protected":false},"excerpt":{"rendered":"<p>Voici le texte int\u00e9gral du message Royal dont lecture a \u00e9t\u00e9 donn\u00e9e par\u00a0la ministre de l\u2019Economie et des Finances, Mme Nadia Fettah Alaoui. \u00a0 \u00ab\u00a0Louange \u00e0 Dieu. Paix et salut sur le Proph\u00e8te, Sa famille et Ses compagnons. \u00a0 Excellences, Mesdames, Messieurs, Nous sommes heureux de souhaiter la bienvenue aux honorables h\u00f4tes du Maroc, qui [&hellip;]<\/p>\n","protected":false},"author":1788,"featured_media":0,"comment_status":"closed","ping_status":"closed","sticky":false,"template":"","format":"standard","meta":{"fifu_image_url":"https:\/\/www.mapmarrakech.ma\/map\/uploads\/2022\/05\/SM-le-Roi.jpg","fifu_image_alt":"SM le Roi adresse un message \u00e0 la R\u00e9union du Groupe africain des ministres des Finances et des gouverneurs des Banques centrales des Etats africains membres de la BM et du FMI","footnotes":""},"categories":[54,76],"tags":[],"class_list":["post-151786","post","type-post","status-publish","format-standard","hentry","category-maroc","category-regions"],"_links":{"self":[{"href":"https:\/\/linitiative.ca\/International\/wp-json\/wp\/v2\/posts\/151786","targetHints":{"allow":["GET"]}}],"collection":[{"href":"https:\/\/linitiative.ca\/International\/wp-json\/wp\/v2\/posts"}],"about":[{"href":"https:\/\/linitiative.ca\/International\/wp-json\/wp\/v2\/types\/post"}],"author":[{"embeddable":true,"href":"https:\/\/linitiative.ca\/International\/wp-json\/wp\/v2\/users\/1788"}],"replies":[{"embeddable":true,"href":"https:\/\/linitiative.ca\/International\/wp-json\/wp\/v2\/comments?post=151786"}],"version-history":[{"count":0,"href":"https:\/\/linitiative.ca\/International\/wp-json\/wp\/v2\/posts\/151786\/revisions"}],"wp:attachment":[{"href":"https:\/\/linitiative.ca\/International\/wp-json\/wp\/v2\/media?parent=151786"}],"wp:term":[{"taxonomy":"category","embeddable":true,"href":"https:\/\/linitiative.ca\/International\/wp-json\/wp\/v2\/categories?post=151786"},{"taxonomy":"post_tag","embeddable":true,"href":"https:\/\/linitiative.ca\/International\/wp-json\/wp\/v2\/tags?post=151786"}],"curies":[{"name":"wp","href":"https:\/\/api.w.org\/{rel}","templated":true}]}}