{"id":151797,"date":"2022-07-05T10:29:48","date_gmt":"2022-07-05T14:29:48","guid":{"rendered":"https:\/\/linitiative.ca\/International\/automobile-les-ventes-reculent\/"},"modified":"2022-07-05T10:29:48","modified_gmt":"2022-07-05T14:29:48","slug":"automobile-les-ventes-reculent","status":"publish","type":"post","link":"https:\/\/linitiative.ca\/International\/automobile-les-ventes-reculent\/","title":{"rendered":"Automobile: les ventes reculent"},"content":{"rendered":"<div>\n<div class=\"field field-name-body field-type-text-with-summary field-label-hidden\">\n<div class=\"field-items\">\n<div class=\"field-item even\" property=\"content:encoded\">\n<p class=\"rtejustify\">E<span style=\"text-align: justify;\">n repli de 10,84% par rapport \u00e0 la m\u00eame p\u00e9riode en 2021, l<\/span>es ventes de voitures neuves au Maroc se sont \u00e9tablies \u00e0 83.831 unit\u00e9s au titre des six premiers mois de cette ann\u00e9e, , ressort-il des statistiques mensuelles de l&rsquo;Association des importateurs de v\u00e9hicules au Maroc (AIVAM).<\/p>\n<\/div>\n<\/div>\n<\/div>\n<\/div>\n<p>Auteur: mbasraoui<br \/>\n<a href=\"https:\/\/www.leconomiste.com\/flash-infos\/automobile-les-ventes-reculent\">Cliquez ici pour lire l&rsquo;article depuis sa source.<\/a><\/p>\n","protected":false},"excerpt":{"rendered":"<p>En repli de 10,84% par rapport \u00e0 la m\u00eame p\u00e9riode en 2021, les ventes de voitures neuves au Maroc se sont \u00e9tablies \u00e0 83.831 unit\u00e9s au titre des six premiers mois de cette ann\u00e9e, , ressort-il des statistiques mensuelles de l&rsquo;Association des importateurs de v\u00e9hicules au Maroc (AIVAM). Auteur: mbasraoui Cliquez ici pour lire l&rsquo;article [&hellip;]<\/p>\n","protected":false},"author":1763,"featured_media":0,"comment_status":"closed","ping_status":"closed","sticky":false,"template":"","format":"standard","meta":{"fifu_image_url":"","fifu_image_alt":"","footnotes":""},"categories":[78,54],"tags":[],"class_list":["post-151797","post","type-post","status-publish","format-standard","hentry","category-economie","category-maroc"],"_links":{"self":[{"href":"https:\/\/linitiative.ca\/International\/wp-json\/wp\/v2\/posts\/151797","targetHints":{"allow":["GET"]}}],"collection":[{"href":"https:\/\/linitiative.ca\/International\/wp-json\/wp\/v2\/posts"}],"about":[{"href":"https:\/\/linitiative.ca\/International\/wp-json\/wp\/v2\/types\/post"}],"author":[{"embeddable":true,"href":"https:\/\/linitiative.ca\/International\/wp-json\/wp\/v2\/users\/1763"}],"replies":[{"embeddable":true,"href":"https:\/\/linitiative.ca\/International\/wp-json\/wp\/v2\/comments?post=151797"}],"version-history":[{"count":0,"href":"https:\/\/linitiative.ca\/International\/wp-json\/wp\/v2\/posts\/151797\/revisions"}],"wp:attachment":[{"href":"https:\/\/linitiative.ca\/International\/wp-json\/wp\/v2\/media?parent=151797"}],"wp:term":[{"taxonomy":"category","embeddable":true,"href":"https:\/\/linitiative.ca\/International\/wp-json\/wp\/v2\/categories?post=151797"},{"taxonomy":"post_tag","embeddable":true,"href":"https:\/\/linitiative.ca\/International\/wp-json\/wp\/v2\/tags?post=151797"}],"curies":[{"name":"wp","href":"https:\/\/api.w.org\/{rel}","templated":true}]}}