{"id":151801,"date":"2022-07-05T04:47:00","date_gmt":"2022-07-05T08:47:00","guid":{"rendered":"https:\/\/linitiative.ca\/International\/les-risques-du-projet-de-la-constitution-de-kais-saied\/"},"modified":"2022-07-05T04:47:00","modified_gmt":"2022-07-05T08:47:00","slug":"les-risques-du-projet-de-la-constitution-de-kais-saied","status":"publish","type":"post","link":"https:\/\/linitiative.ca\/International\/les-risques-du-projet-de-la-constitution-de-kais-saied\/","title":{"rendered":"Les risques du projet de la Constitution de Kais Saied"},"content":{"rendered":"<div><img decoding=\"async\" src=\"https:\/\/linitiative.ca\/International\/wp-content\/uploads\/sites\/23\/2022\/07\/1657007859_article.jpg\" alt=\"Les risques du projet de la Constitution de Kais Saied\" align=\"left\">Par Amir Mastouri &#8211; Le 30 juin 2022, le Pr\u00e9sident de la R\u00e9publique, Kais Saied, a ordonn\u00e9 la publication de son projet de Constitution, qui sera au suffrage des Tunisiens, lors d\u2019un r\u00e9f\u00e9rendum pr\u00e9vu le 25 juillet2022.<br \/>\nLe texte publi\u00e9 a suscit\u00e9 de nombreuses r\u00e9actions allant des plus favorables aux plus critiques. L\u2019objet de la pr\u00e9sente analyse est d\u2019\u00e9tudier les risques inh\u00e9rents au texte, tout le texte, rien que le texte.<br \/>\nUn pr\u00e9ambule traduisant une lecture subjective de l\u2019histoire<br \/>\nR\u00e9dig\u00e9 dans un style litt\u00e9raire et faisant appel \u00e0 des images parfois po\u00e9tiques, le pr\u00e9ambule donne l\u2019impression d\u2019avoir \u00e9t\u00e9 imagin\u00e9 par le Pr\u00e9sident de la R\u00e9publique comme &#8230;<\/p>\n<\/div>\n<p>Auteur:<br \/>\n<a href=\"https:\/\/www.leaders.com.tn\/article\/33572-les-risques-du-projet-de-la-constitution-de-kais-saied\">Cliquez ici pour lire l&rsquo;article depuis sa source.<\/a><\/p>\n","protected":false},"excerpt":{"rendered":"<p>Par Amir Mastouri &#8211; Le 30 juin 2022, le Pr\u00e9sident de la R\u00e9publique, Kais Saied, a ordonn\u00e9 la publication de son projet de Constitution, qui sera au suffrage des Tunisiens, lors d\u2019un r\u00e9f\u00e9rendum pr\u00e9vu le 25 juillet2022. Le texte publi\u00e9 a suscit\u00e9 de nombreuses r\u00e9actions allant des plus favorables aux plus critiques. L\u2019objet de la [&hellip;]<\/p>\n","protected":false},"author":1772,"featured_media":0,"comment_status":"closed","ping_status":"closed","sticky":false,"template":"","format":"standard","meta":{"fifu_image_url":"http:\/\/www.leaders.com.tn\/uploads\/content\/thumbnails_small\/1657007859_article.jpg","fifu_image_alt":"Les risques du projet de la Constitution de Kais Saied","footnotes":""},"categories":[73,55],"tags":[],"class_list":["post-151801","post","type-post","status-publish","format-standard","hentry","category-actualite","category-tunisie"],"_links":{"self":[{"href":"https:\/\/linitiative.ca\/International\/wp-json\/wp\/v2\/posts\/151801","targetHints":{"allow":["GET"]}}],"collection":[{"href":"https:\/\/linitiative.ca\/International\/wp-json\/wp\/v2\/posts"}],"about":[{"href":"https:\/\/linitiative.ca\/International\/wp-json\/wp\/v2\/types\/post"}],"author":[{"embeddable":true,"href":"https:\/\/linitiative.ca\/International\/wp-json\/wp\/v2\/users\/1772"}],"replies":[{"embeddable":true,"href":"https:\/\/linitiative.ca\/International\/wp-json\/wp\/v2\/comments?post=151801"}],"version-history":[{"count":0,"href":"https:\/\/linitiative.ca\/International\/wp-json\/wp\/v2\/posts\/151801\/revisions"}],"wp:attachment":[{"href":"https:\/\/linitiative.ca\/International\/wp-json\/wp\/v2\/media?parent=151801"}],"wp:term":[{"taxonomy":"category","embeddable":true,"href":"https:\/\/linitiative.ca\/International\/wp-json\/wp\/v2\/categories?post=151801"},{"taxonomy":"post_tag","embeddable":true,"href":"https:\/\/linitiative.ca\/International\/wp-json\/wp\/v2\/tags?post=151801"}],"curies":[{"name":"wp","href":"https:\/\/api.w.org\/{rel}","templated":true}]}}