{"id":151809,"date":"2022-07-05T08:32:15","date_gmt":"2022-07-05T12:32:15","guid":{"rendered":"https:\/\/linitiative.ca\/International\/gnl-remise-en-service-des-centrales-a-cycles-combines-de-tahaddart-et-ain-beni-mathar\/"},"modified":"2022-07-05T08:32:15","modified_gmt":"2022-07-05T12:32:15","slug":"gnl-remise-en-service-des-centrales-a-cycles-combines-de-tahaddart-et-ain-beni-mathar","status":"publish","type":"post","link":"https:\/\/linitiative.ca\/International\/gnl-remise-en-service-des-centrales-a-cycles-combines-de-tahaddart-et-ain-beni-mathar\/","title":{"rendered":"GNL. Remise en service des centrales \u00e0 cycles combin\u00e9s de Tahaddart et A\u00een B\u00e9ni Mathar"},"content":{"rendered":"<div><img decoding=\"async\" width=\"599\" height=\"400\" src=\"https:\/\/linitiative.ca\/International\/wp-content\/uploads\/sites\/23\/2022\/07\/gazoduc.jpeg\" class=\"attachment-post-thumbnail size-post-thumbnail wp-post-image\" alt=\"\" loading=\"lazy\" srcset=\"https:\/\/linitiative.ca\/International\/wp-content\/uploads\/sites\/23\/2022\/07\/gazoduc.jpeg 599w, https:\/\/www.challenge.ma\/wp-content\/uploads\/2021\/11\/gazoduc-300x200.jpeg 300w, https:\/\/www.challenge.ma\/wp-content\/uploads\/2021\/11\/gazoduc-360x240.jpeg 360w\" sizes=\"auto, (max-width: 599px) 100vw, 599px\" itemprop=\"image\">Le Royaume du Maroc annonce la remise en service de ses centrales \u00e0 cycles combin\u00e9s de Tahaddart et A\u00een B\u00e9ni Mathar \u00e0 partir du GNL (Gaz Naturel Liqu\u00e9fi\u00e9) import\u00e9 du march\u00e9 international.C\u2019est par un communiqu\u00e9 conjoint que l\u2019Office national de l\u2019\u00e9lectricit\u00e9 et de l\u2019eau potable (ONEE) et l\u2019Office national des<\/div>\n<p>Auteur: Roland Amoussou<br \/>\n<a href=\"https:\/\/www.challenge.ma\/gnl-remise-en-service-des-centrales-a-cycles-combines-de-tahaddart-et-ain-beni-mathar-242105\/\">Cliquez ici pour lire l&rsquo;article depuis sa source.<\/a><\/p>\n","protected":false},"excerpt":{"rendered":"<p>Le Royaume du Maroc annonce la remise en service de ses centrales \u00e0 cycles combin\u00e9s de Tahaddart et A\u00een B\u00e9ni Mathar \u00e0 partir du GNL (Gaz Naturel Liqu\u00e9fi\u00e9) import\u00e9 du march\u00e9 international.C\u2019est par un communiqu\u00e9 conjoint que l\u2019Office national de l\u2019\u00e9lectricit\u00e9 et de l\u2019eau potable (ONEE) et l\u2019Office national des Auteur: Roland Amoussou Cliquez ici [&hellip;]<\/p>\n","protected":false},"author":1787,"featured_media":0,"comment_status":"closed","ping_status":"closed","sticky":false,"template":"","format":"standard","meta":{"fifu_image_url":"https:\/\/www.challenge.ma\/wp-content\/uploads\/2021\/11\/gazoduc.jpeg","fifu_image_alt":"GNL. Remise en service des centrales \u00e0 cycles combin\u00e9s de Tahaddart et A\u00een B\u00e9ni Mathar","footnotes":""},"categories":[78,54],"tags":[],"class_list":["post-151809","post","type-post","status-publish","format-standard","hentry","category-economie","category-maroc"],"_links":{"self":[{"href":"https:\/\/linitiative.ca\/International\/wp-json\/wp\/v2\/posts\/151809","targetHints":{"allow":["GET"]}}],"collection":[{"href":"https:\/\/linitiative.ca\/International\/wp-json\/wp\/v2\/posts"}],"about":[{"href":"https:\/\/linitiative.ca\/International\/wp-json\/wp\/v2\/types\/post"}],"author":[{"embeddable":true,"href":"https:\/\/linitiative.ca\/International\/wp-json\/wp\/v2\/users\/1787"}],"replies":[{"embeddable":true,"href":"https:\/\/linitiative.ca\/International\/wp-json\/wp\/v2\/comments?post=151809"}],"version-history":[{"count":0,"href":"https:\/\/linitiative.ca\/International\/wp-json\/wp\/v2\/posts\/151809\/revisions"}],"wp:attachment":[{"href":"https:\/\/linitiative.ca\/International\/wp-json\/wp\/v2\/media?parent=151809"}],"wp:term":[{"taxonomy":"category","embeddable":true,"href":"https:\/\/linitiative.ca\/International\/wp-json\/wp\/v2\/categories?post=151809"},{"taxonomy":"post_tag","embeddable":true,"href":"https:\/\/linitiative.ca\/International\/wp-json\/wp\/v2\/tags?post=151809"}],"curies":[{"name":"wp","href":"https:\/\/api.w.org\/{rel}","templated":true}]}}