{"id":151811,"date":"2022-07-05T09:11:28","date_gmt":"2022-07-05T13:11:28","guid":{"rendered":"https:\/\/linitiative.ca\/International\/le-roi-mohammed-vi-pour-de-nouvelles-options-de-financement-a-vocation-structurelle-en-afrique\/"},"modified":"2022-07-05T09:11:28","modified_gmt":"2022-07-05T13:11:28","slug":"le-roi-mohammed-vi-pour-de-nouvelles-options-de-financement-a-vocation-structurelle-en-afrique","status":"publish","type":"post","link":"https:\/\/linitiative.ca\/International\/le-roi-mohammed-vi-pour-de-nouvelles-options-de-financement-a-vocation-structurelle-en-afrique\/","title":{"rendered":"Le Roi Mohammed VI pour de nouvelles options de financement \u00e0 vocation structurelle en Afrique"},"content":{"rendered":"<div><img decoding=\"async\" width=\"721\" height=\"406\" src=\"https:\/\/linitiative.ca\/International\/wp-content\/uploads\/sites\/23\/2022\/07\/SM-Mohammed-VI-2.jpg\" class=\"attachment-post-thumbnail size-post-thumbnail wp-post-image\" alt=\"\" loading=\"lazy\" srcset=\"https:\/\/linitiative.ca\/International\/wp-content\/uploads\/sites\/23\/2022\/07\/SM-Mohammed-VI-2.jpg 721w, https:\/\/www.challenge.ma\/wp-content\/uploads\/2021\/08\/SM-Mohammed-VI-2-300x169.jpg 300w, https:\/\/www.challenge.ma\/wp-content\/uploads\/2021\/08\/SM-Mohammed-VI-2-360x203.jpg 360w\" sizes=\"auto, (max-width: 721px) 100vw, 721px\" itemprop=\"image\">Le Roi Mohammed VI a soulign\u00e9 l\u2019importance de d\u00e9velopper \u00ab\u00a0de nouvelles options de financement \u00e0 vocation structurelle\u00a0\u00bb en faveur des pays africains, qui font face \u00e0 la probl\u00e9matique de la dette, consid\u00e9r\u00e9e unanimement comme l\u2019un de leurs d\u00e9fis \u00e9conomiques majeurs. Dans un message adress\u00e9 \u00e0 la R\u00e9union du Groupe africain<\/div>\n<p>Auteur: Mehdi Ouazzani<br \/>\n<a href=\"https:\/\/www.challenge.ma\/le-roi-mohammed-vi-pour-de-nouvelles-options-de-financement-a-vocation-structurelle-en-afrique-242109\/\">Cliquez ici pour lire l&rsquo;article depuis sa source.<\/a><\/p>\n","protected":false},"excerpt":{"rendered":"<p>Le Roi Mohammed VI a soulign\u00e9 l\u2019importance de d\u00e9velopper \u00ab\u00a0de nouvelles options de financement \u00e0 vocation structurelle\u00a0\u00bb en faveur des pays africains, qui font face \u00e0 la probl\u00e9matique de la dette, consid\u00e9r\u00e9e unanimement comme l\u2019un de leurs d\u00e9fis \u00e9conomiques majeurs. Dans un message adress\u00e9 \u00e0 la R\u00e9union du Groupe africain Auteur: Mehdi Ouazzani Cliquez ici [&hellip;]<\/p>\n","protected":false},"author":1787,"featured_media":0,"comment_status":"closed","ping_status":"closed","sticky":false,"template":"","format":"standard","meta":{"fifu_image_url":"https:\/\/www.challenge.ma\/wp-content\/uploads\/2021\/08\/SM-Mohammed-VI-2.jpg","fifu_image_alt":"Le Roi Mohammed VI pour de nouvelles options de financement \u00e0 vocation structurelle en Afrique","footnotes":""},"categories":[78,54],"tags":[],"class_list":["post-151811","post","type-post","status-publish","format-standard","hentry","category-economie","category-maroc"],"_links":{"self":[{"href":"https:\/\/linitiative.ca\/International\/wp-json\/wp\/v2\/posts\/151811","targetHints":{"allow":["GET"]}}],"collection":[{"href":"https:\/\/linitiative.ca\/International\/wp-json\/wp\/v2\/posts"}],"about":[{"href":"https:\/\/linitiative.ca\/International\/wp-json\/wp\/v2\/types\/post"}],"author":[{"embeddable":true,"href":"https:\/\/linitiative.ca\/International\/wp-json\/wp\/v2\/users\/1787"}],"replies":[{"embeddable":true,"href":"https:\/\/linitiative.ca\/International\/wp-json\/wp\/v2\/comments?post=151811"}],"version-history":[{"count":0,"href":"https:\/\/linitiative.ca\/International\/wp-json\/wp\/v2\/posts\/151811\/revisions"}],"wp:attachment":[{"href":"https:\/\/linitiative.ca\/International\/wp-json\/wp\/v2\/media?parent=151811"}],"wp:term":[{"taxonomy":"category","embeddable":true,"href":"https:\/\/linitiative.ca\/International\/wp-json\/wp\/v2\/categories?post=151811"},{"taxonomy":"post_tag","embeddable":true,"href":"https:\/\/linitiative.ca\/International\/wp-json\/wp\/v2\/tags?post=151811"}],"curies":[{"name":"wp","href":"https:\/\/api.w.org\/{rel}","templated":true}]}}