{"id":151813,"date":"2022-07-05T10:06:58","date_gmt":"2022-07-05T14:06:58","guid":{"rendered":"https:\/\/linitiative.ca\/International\/la-commission-parlementaire-mixte-maroc-ue-tient-une-serie-de-reunions-au-parlement-europeen\/"},"modified":"2022-07-05T10:06:58","modified_gmt":"2022-07-05T14:06:58","slug":"la-commission-parlementaire-mixte-maroc-ue-tient-une-serie-de-reunions-au-parlement-europeen","status":"publish","type":"post","link":"https:\/\/linitiative.ca\/International\/la-commission-parlementaire-mixte-maroc-ue-tient-une-serie-de-reunions-au-parlement-europeen\/","title":{"rendered":"La Commission parlementaire mixte Maroc-UE tient une s\u00e9rie de r\u00e9unions au Parlement europ\u00e9en"},"content":{"rendered":"<div><img decoding=\"async\" width=\"925\" height=\"430\" src=\"https:\/\/linitiative.ca\/International\/wp-content\/uploads\/sites\/23\/2022\/07\/ue-maroc.jpg\" class=\"attachment-post-thumbnail size-post-thumbnail wp-post-image\" alt=\"\" loading=\"lazy\" srcset=\"https:\/\/linitiative.ca\/International\/wp-content\/uploads\/sites\/23\/2022\/07\/ue-maroc.jpg 925w, https:\/\/www.challenge.ma\/wp-content\/uploads\/2021\/09\/ue-maroc-300x139.jpg 300w, https:\/\/www.challenge.ma\/wp-content\/uploads\/2021\/09\/ue-maroc-768x357.jpg 768w, https:\/\/www.challenge.ma\/wp-content\/uploads\/2021\/09\/ue-maroc-360x167.jpg 360w, https:\/\/www.challenge.ma\/wp-content\/uploads\/2021\/09\/ue-maroc-750x349.jpg 750w\" sizes=\"auto, (max-width: 925px) 100vw, 925px\" itemprop=\"image\">Dans le cadre de l\u2019approfondissement des concertations et des discussions avec la partie europ\u00e9enne, les membres de la Commission parlementaire mixte Maroc-Union europ\u00e9enne, sous la pr\u00e9sidence de Lahcen Haddad, a tenu une s\u00e9rie de r\u00e9unions au Parlement europ\u00e9en \u00e0 Bruxelles du 27 au 30 juin 2022 et qui se poursuivent<\/div>\n<p>Auteur: Mehdi Ouazzani<br \/>\n<a href=\"https:\/\/www.challenge.ma\/la-commission-parlementaire-mixte-maroc-ue-tient-une-serie-de-reunions-au-parlement-europeen-242114\/\">Cliquez ici pour lire l&rsquo;article depuis sa source.<\/a><\/p>\n","protected":false},"excerpt":{"rendered":"<p>Dans le cadre de l\u2019approfondissement des concertations et des discussions avec la partie europ\u00e9enne, les membres de la Commission parlementaire mixte Maroc-Union europ\u00e9enne, sous la pr\u00e9sidence de Lahcen Haddad, a tenu une s\u00e9rie de r\u00e9unions au Parlement europ\u00e9en \u00e0 Bruxelles du 27 au 30 juin 2022 et qui se poursuivent Auteur: Mehdi Ouazzani Cliquez ici [&hellip;]<\/p>\n","protected":false},"author":1787,"featured_media":0,"comment_status":"closed","ping_status":"closed","sticky":false,"template":"","format":"standard","meta":{"fifu_image_url":"https:\/\/www.challenge.ma\/wp-content\/uploads\/2021\/09\/ue-maroc.jpg","fifu_image_alt":"La Commission parlementaire mixte Maroc-UE tient une s\u00e9rie de r\u00e9unions au Parlement europ\u00e9en","footnotes":""},"categories":[78,54],"tags":[],"class_list":["post-151813","post","type-post","status-publish","format-standard","hentry","category-economie","category-maroc"],"_links":{"self":[{"href":"https:\/\/linitiative.ca\/International\/wp-json\/wp\/v2\/posts\/151813","targetHints":{"allow":["GET"]}}],"collection":[{"href":"https:\/\/linitiative.ca\/International\/wp-json\/wp\/v2\/posts"}],"about":[{"href":"https:\/\/linitiative.ca\/International\/wp-json\/wp\/v2\/types\/post"}],"author":[{"embeddable":true,"href":"https:\/\/linitiative.ca\/International\/wp-json\/wp\/v2\/users\/1787"}],"replies":[{"embeddable":true,"href":"https:\/\/linitiative.ca\/International\/wp-json\/wp\/v2\/comments?post=151813"}],"version-history":[{"count":0,"href":"https:\/\/linitiative.ca\/International\/wp-json\/wp\/v2\/posts\/151813\/revisions"}],"wp:attachment":[{"href":"https:\/\/linitiative.ca\/International\/wp-json\/wp\/v2\/media?parent=151813"}],"wp:term":[{"taxonomy":"category","embeddable":true,"href":"https:\/\/linitiative.ca\/International\/wp-json\/wp\/v2\/categories?post=151813"},{"taxonomy":"post_tag","embeddable":true,"href":"https:\/\/linitiative.ca\/International\/wp-json\/wp\/v2\/tags?post=151813"}],"curies":[{"name":"wp","href":"https:\/\/api.w.org\/{rel}","templated":true}]}}