{"id":151826,"date":"2022-07-05T11:06:25","date_gmt":"2022-07-05T15:06:25","guid":{"rendered":"https:\/\/linitiative.ca\/International\/lutte-contre-le-tabac-lancien-ministre-en-charge-du-commerce-harouna-kabore-laureat-du-prix-de-loms\/"},"modified":"2022-07-05T11:06:25","modified_gmt":"2022-07-05T15:06:25","slug":"lutte-contre-le-tabac-lancien-ministre-en-charge-du-commerce-harouna-kabore-laureat-du-prix-de-loms","status":"publish","type":"post","link":"https:\/\/linitiative.ca\/International\/lutte-contre-le-tabac-lancien-ministre-en-charge-du-commerce-harouna-kabore-laureat-du-prix-de-loms\/","title":{"rendered":"Lutte contre le Tabac : L\u2019ancien ministre en charge du Commerce, Harouna Kabor\u00e9, laur\u00e9at du prix de l\u2019OMS"},"content":{"rendered":"<div>\n<p><strong>Dans le cadre de la c\u00e9l\u00e9bration de cette journ\u00e9e mondiale sans tabac ce mardi 5 juillet 2022, la r\u00e9gion africaine s\u2019est vue attribu\u00e9e six prix compos\u00e9s d\u2019un certificat de reconnaissance et d\u2019une m\u00e9daille repr\u00e9sentant la r\u00e9compense sp\u00e9ciale du Directeur G\u00e9n\u00e9ral de l\u2019OMS, ont \u00e9t\u00e9 d\u00e9cern\u00e9s \u00e0 cinq pays dont le Burkina Faso occupe la premi\u00e8re place. <\/strong><\/p>\n<p>Nomin\u00e9 par ACONTA, l\u2019ancien ministre en charge du commerce, Harouna Kabor\u00e9, a b\u00e9n\u00e9fici\u00e9 de ce prix de par son engagement juridique contre l\u2019industrie du tabac men\u00e9e par le minist\u00e8re de la sant\u00e9. Il est parvenu \u00e0 faire appliquer le d\u00e9cret portant conditionnement et \u00e9tiquetage des produits du tabac et la main de fer qu\u2019il a utilis\u00e9 contre l\u2019industrie du tabac.<\/p>\n<p>C\u2019est un r\u00e9el plaisir pour moi de recevoir ce prix et de prouver mon engagement dans la lutte contre la consommation du tabac, a affirm\u00e9 Monsieur Kabor\u00e9. Par ailleurs, il a soulign\u00e9 que les nouveaux paquets avec les avertissements sanitaires graphiques sont mis sur le march\u00e9 gr\u00e2ce \u00e0 son leadership.<\/p>\n<p><img decoding=\"async\" data-attachment-id=\"51837\" data-permalink=\"https:\/\/www.sidwaya.info\/blog\/2022\/07\/05\/lutte-contre-le-tabac-lancien-ministre-en-charge-du-commerce-harouna-kabore-laureat-du-prix-de-loms\/ph-2-12\/\" data-orig-file=\"https:\/\/linitiative.ca\/International\/wp-content\/uploads\/sites\/23\/2022\/07\/Ph-2.jpeg\" data-orig-size=\"900,675\" data-comments-opened=\"1\" data-image-meta='{\"aperture\":\"0\",\"credit\":\"\",\"camera\":\"\",\"caption\":\"\",\"created_timestamp\":\"0\",\"copyright\":\"\",\"focal_length\":\"0\",\"iso\":\"0\",\"shutter_speed\":\"0\",\"title\":\"\",\"orientation\":\"1\"}' data-image-title=\"Ph 2\" data-image-description=\"\" data-image-caption=\"\" data-medium-file=\"https:\/\/www.sidwaya.info\/wp-content\/uploads\/2022\/07\/Ph-2-300x225.jpeg\" data-large-file=\"https:\/\/linitiative.ca\/International\/wp-content\/uploads\/sites\/23\/2022\/07\/Ph-2.jpeg\" loading=\"lazy\" class=\"alignnone size-full wp-image-51837\" src=\"https:\/\/linitiative.ca\/International\/wp-content\/uploads\/sites\/23\/2022\/07\/Ph-2.jpeg\" alt=\"\" width=\"900\" height=\"675\" srcset=\"https:\/\/linitiative.ca\/International\/wp-content\/uploads\/sites\/23\/2022\/07\/Ph-2.jpeg 900w, https:\/\/www.sidwaya.info\/wp-content\/uploads\/2022\/07\/Ph-2-300x225.jpeg 300w, https:\/\/www.sidwaya.info\/wp-content\/uploads\/2022\/07\/Ph-2-768x576.jpeg 768w, https:\/\/www.sidwaya.info\/wp-content\/uploads\/2022\/07\/Ph-2-150x113.jpeg 150w, https:\/\/www.sidwaya.info\/wp-content\/uploads\/2022\/07\/Ph-2-696x522.jpeg 696w, https:\/\/www.sidwaya.info\/wp-content\/uploads\/2022\/07\/Ph-2-560x420.jpeg 560w, https:\/\/www.sidwaya.info\/wp-content\/uploads\/2022\/07\/Ph-2-80x60.jpeg 80w, https:\/\/www.sidwaya.info\/wp-content\/uploads\/2022\/07\/Ph-2-265x198.jpeg 265w\" sizes=\"auto, (max-width: 900px) 100vw, 900px\"><\/p>\n<p>Une autre action de monsieur le ministre a consist\u00e9 \u00e0 conditionner les renouvellements des agr\u00e9ments d\u2019importation par la soumission des \u00e9chantillons de paquets au comit\u00e9 d\u2019examen et de validation des \u00e9chantillons. Ce qui a permis en 2019, la r\u00e9duction du nombre d\u2019agr\u00e9ments pour importer les produits de tabac de 13 \u00e0 5.<\/p>\n<p>Le ministre Kabor\u00e9 a \u00e9galement jou\u00e9 un r\u00f4le important pour l\u2019augmentation des prix du tabac au Burkina Faso de fa\u00e7on transparente avec le Minist\u00e8re de la sant\u00e9 et la soci\u00e9t\u00e9 civile pour l\u2019augmentation des taxes qui passent de 30% \u00e0 45%. Cette hausse des taxes s\u2019en ait suivie avec une hausse des prix de 40% gr\u00e2ce \u00e0 sa vigilance.<\/p>\n<p style=\"text-align: right\"><strong>Moussa KAYDA<\/strong><\/p>\n<p style=\"text-align: right\"><strong>Stagiaire<\/strong><\/p>\n<\/div>\n<p>Auteur: Wamini SIDWAYA<br \/>\n<a href=\"https:\/\/www.sidwaya.info\/blog\/2022\/07\/05\/lutte-contre-le-tabac-lancien-ministre-en-charge-du-commerce-harouna-kabore-laureat-du-prix-de-loms\/\">Cliquez ici pour lire l&rsquo;article depuis sa source.<\/a><\/p>\n","protected":false},"excerpt":{"rendered":"<p>Dans le cadre de la c\u00e9l\u00e9bration de cette journ\u00e9e mondiale sans tabac ce mardi 5 juillet 2022, la r\u00e9gion africaine s\u2019est vue attribu\u00e9e six prix compos\u00e9s d\u2019un certificat de reconnaissance et d\u2019une m\u00e9daille repr\u00e9sentant la r\u00e9compense sp\u00e9ciale du Directeur G\u00e9n\u00e9ral de l\u2019OMS, ont \u00e9t\u00e9 d\u00e9cern\u00e9s \u00e0 cinq pays dont le Burkina Faso occupe la premi\u00e8re [&hellip;]<\/p>\n","protected":false},"author":1816,"featured_media":0,"comment_status":"closed","ping_status":"closed","sticky":false,"template":"","format":"standard","meta":{"fifu_image_url":"https:\/\/www.sidwaya.info\/wp-content\/uploads\/2022\/07\/Ph-2.jpeg","fifu_image_alt":"Lutte contre le Tabac : L\u2019ancien ministre en charge du Commerce, Harouna Kabor\u00e9, laur\u00e9at du prix de l\u2019OMS","footnotes":""},"categories":[73,81],"tags":[],"class_list":["post-151826","post","type-post","status-publish","format-standard","hentry","category-actualite","category-burkina-faso"],"_links":{"self":[{"href":"https:\/\/linitiative.ca\/International\/wp-json\/wp\/v2\/posts\/151826","targetHints":{"allow":["GET"]}}],"collection":[{"href":"https:\/\/linitiative.ca\/International\/wp-json\/wp\/v2\/posts"}],"about":[{"href":"https:\/\/linitiative.ca\/International\/wp-json\/wp\/v2\/types\/post"}],"author":[{"embeddable":true,"href":"https:\/\/linitiative.ca\/International\/wp-json\/wp\/v2\/users\/1816"}],"replies":[{"embeddable":true,"href":"https:\/\/linitiative.ca\/International\/wp-json\/wp\/v2\/comments?post=151826"}],"version-history":[{"count":0,"href":"https:\/\/linitiative.ca\/International\/wp-json\/wp\/v2\/posts\/151826\/revisions"}],"wp:attachment":[{"href":"https:\/\/linitiative.ca\/International\/wp-json\/wp\/v2\/media?parent=151826"}],"wp:term":[{"taxonomy":"category","embeddable":true,"href":"https:\/\/linitiative.ca\/International\/wp-json\/wp\/v2\/categories?post=151826"},{"taxonomy":"post_tag","embeddable":true,"href":"https:\/\/linitiative.ca\/International\/wp-json\/wp\/v2\/tags?post=151826"}],"curies":[{"name":"wp","href":"https:\/\/api.w.org\/{rel}","templated":true}]}}