{"id":151830,"date":"2022-07-05T12:33:51","date_gmt":"2022-07-05T16:33:51","guid":{"rendered":"https:\/\/linitiative.ca\/International\/cooperation-burkina-danemark-le-president-damiba-recoit-lambassadeur-steen-sonne-andersen-en-fin-de-mission\/"},"modified":"2022-07-05T12:33:51","modified_gmt":"2022-07-05T16:33:51","slug":"cooperation-burkina-danemark-le-president-damiba-recoit-lambassadeur-steen-sonne-andersen-en-fin-de-mission","status":"publish","type":"post","link":"https:\/\/linitiative.ca\/International\/cooperation-burkina-danemark-le-president-damiba-recoit-lambassadeur-steen-sonne-andersen-en-fin-de-mission\/","title":{"rendered":"Coop\u00e9ration Burkina-Danemark : Le Pr\u00e9sident Damiba re\u00e7oit l\u2019ambassadeur Steen Sonne ANDERSEN en fin de mission"},"content":{"rendered":"<div>\n<p><strong>Le Pr\u00e9sident du Faso, Paul-Henri Sandaogo Damiba, a re\u00e7u ce mardi 05 juillet 2022 en audience \u00e0 Ouagadougou, l\u2019ambassadeur du Danemark au Burkina Faso, Steen Sonne Andersen, en fin de mission. <\/strong><\/p>\n<p>Apr\u00e8s trois ans pass\u00e9s au Burkina Faso en tant qu\u2019ambassadeur extraordinaire et pl\u00e9nipotentiaire du Royaume du Danemark au Burkina Faso, Monsieur Andersen est venu faire ses adieux au Pr\u00e9sident du Faso et \u00e9changer sur des sujets d\u2019int\u00e9r\u00eat commun.<\/p>\n<p><em>\u00ab Nous avons \u00e9chang\u00e9 sur deux points. Premi\u00e8rement, nous nous r\u00e9jouissons de cet accord entre le Burkina Faso et la Communaut\u00e9 \u00e9conomique des Etats de l\u2019Afrique de l\u2019Ouest (CEDEAO) pour le retour \u00e0 l\u2019ordre constitutionnel. Je dis f\u00e9licitations \u00bb,<\/em> a indiqu\u00e9 l\u2019ambassadeur Steen Sonne Andersen.<\/p>\n<p>Selon le diplomate Andersen, le deuxi\u00e8me point, est le renforcement de la coop\u00e9ration entre le Danemark et le Burkina. Il a indiqu\u00e9 que les deux pays ont sign\u00e9 derni\u00e8rement un accord sur un grand programme de coop\u00e9ration de cinq ans. D\u2019un co\u00fbt global de 100 milliards de FCFA, ce programme sera plus concentr\u00e9 sur des activit\u00e9s en vue d\u2019aider les populations pour leur d\u00e9veloppement.<\/p>\n<p><img decoding=\"async\" data-attachment-id=\"51849\" data-permalink=\"https:\/\/www.sidwaya.info\/blog\/2022\/07\/05\/cooperation-burkina-danemark-le-president-damiba-recoit-lambassadeur-steen-sonne-andersen-en-fin-de-mission\/pho-1\/\" data-orig-file=\"https:\/\/linitiative.ca\/International\/wp-content\/uploads\/sites\/23\/2022\/07\/Pho-1-1.jpg\" data-orig-size=\"900,600\" data-comments-opened=\"1\" data-image-meta='{\"aperture\":\"4\",\"credit\":\"PREFASO\",\"camera\":\"Canon EOS-1D X Mark III\",\"caption\":\"\",\"created_timestamp\":\"1657025773\",\"copyright\":\"\",\"focal_length\":\"32\",\"iso\":\"3200\",\"shutter_speed\":\"0.004\",\"title\":\"\",\"orientation\":\"1\"}' data-image-title=\"Pho 1\" data-image-description=\"\" data-image-caption=\"\" data-medium-file=\"https:\/\/www.sidwaya.info\/wp-content\/uploads\/2022\/07\/Pho-1-1-300x200.jpg\" data-large-file=\"https:\/\/linitiative.ca\/International\/wp-content\/uploads\/sites\/23\/2022\/07\/Pho-1-1.jpg\" loading=\"lazy\" class=\"alignnone size-full wp-image-51849\" src=\"https:\/\/linitiative.ca\/International\/wp-content\/uploads\/sites\/23\/2022\/07\/Pho-1-1.jpg\" alt=\"\" width=\"900\" height=\"600\" srcset=\"https:\/\/linitiative.ca\/International\/wp-content\/uploads\/sites\/23\/2022\/07\/Pho-1-1.jpg 900w, https:\/\/www.sidwaya.info\/wp-content\/uploads\/2022\/07\/Pho-1-1-300x200.jpg 300w, https:\/\/www.sidwaya.info\/wp-content\/uploads\/2022\/07\/Pho-1-1-768x512.jpg 768w, https:\/\/www.sidwaya.info\/wp-content\/uploads\/2022\/07\/Pho-1-1-150x100.jpg 150w, https:\/\/www.sidwaya.info\/wp-content\/uploads\/2022\/07\/Pho-1-1-696x464.jpg 696w, https:\/\/www.sidwaya.info\/wp-content\/uploads\/2022\/07\/Pho-1-1-630x420.jpg 630w\" sizes=\"auto, (max-width: 900px) 100vw, 900px\"><\/p>\n<p>Face au d\u00e9fi humanitaire, <em>\u00ab le Danemark est l\u2019un des plus grands partenaires techniques en mati\u00e8re d\u2019eau et d\u2019assainissement, et nous allons apporter presque 50 milliards de FCFA dans ce secteur \u00bb<\/em>, a-t-il dit<em>.<\/em><\/p>\n<p>Selon l\u2019ambassadeur Steen Sonne Andersen, les investissements additionnels de son pays dans le cadre de l\u2019humanitaire ont d\u00e9j\u00e0 touch\u00e9 plus de 200 mille personnes depuis le d\u00e9but de la crise dans l\u2019optique de soutenir la r\u00e9silience des populations rurales qui ont accept\u00e9 accueillir les personnes d\u00e9plac\u00e9es.<\/p>\n<p><strong>Sidwaya.info<\/strong><\/p>\n<p><strong>Source\u00a0: Direction de la Communication de la Pr\u00e9sidence du Faso<\/strong><\/p>\n<p>\u00a0<\/p>\n<\/div>\n<p>Auteur: Wamini SIDWAYA<br \/>\n<a href=\"https:\/\/www.sidwaya.info\/blog\/2022\/07\/05\/cooperation-burkina-danemark-le-president-damiba-recoit-lambassadeur-steen-sonne-andersen-en-fin-de-mission\/\">Cliquez ici pour lire l&rsquo;article depuis sa source.<\/a><\/p>\n","protected":false},"excerpt":{"rendered":"<p>Le Pr\u00e9sident du Faso, Paul-Henri Sandaogo Damiba, a re\u00e7u ce mardi 05 juillet 2022 en audience \u00e0 Ouagadougou, l\u2019ambassadeur du Danemark au Burkina Faso, Steen Sonne Andersen, en fin de mission. Apr\u00e8s trois ans pass\u00e9s au Burkina Faso en tant qu\u2019ambassadeur extraordinaire et pl\u00e9nipotentiaire du Royaume du Danemark au Burkina Faso, Monsieur Andersen est venu [&hellip;]<\/p>\n","protected":false},"author":1816,"featured_media":0,"comment_status":"closed","ping_status":"closed","sticky":false,"template":"","format":"standard","meta":{"fifu_image_url":"https:\/\/www.sidwaya.info\/wp-content\/uploads\/2022\/07\/Pho-1-1.jpg","fifu_image_alt":"Coop\u00e9ration Burkina-Danemark : Le Pr\u00e9sident Damiba re\u00e7oit l\u2019ambassadeur Steen Sonne ANDERSEN en fin de mission","footnotes":""},"categories":[73,81],"tags":[],"class_list":["post-151830","post","type-post","status-publish","format-standard","hentry","category-actualite","category-burkina-faso"],"_links":{"self":[{"href":"https:\/\/linitiative.ca\/International\/wp-json\/wp\/v2\/posts\/151830","targetHints":{"allow":["GET"]}}],"collection":[{"href":"https:\/\/linitiative.ca\/International\/wp-json\/wp\/v2\/posts"}],"about":[{"href":"https:\/\/linitiative.ca\/International\/wp-json\/wp\/v2\/types\/post"}],"author":[{"embeddable":true,"href":"https:\/\/linitiative.ca\/International\/wp-json\/wp\/v2\/users\/1816"}],"replies":[{"embeddable":true,"href":"https:\/\/linitiative.ca\/International\/wp-json\/wp\/v2\/comments?post=151830"}],"version-history":[{"count":0,"href":"https:\/\/linitiative.ca\/International\/wp-json\/wp\/v2\/posts\/151830\/revisions"}],"wp:attachment":[{"href":"https:\/\/linitiative.ca\/International\/wp-json\/wp\/v2\/media?parent=151830"}],"wp:term":[{"taxonomy":"category","embeddable":true,"href":"https:\/\/linitiative.ca\/International\/wp-json\/wp\/v2\/categories?post=151830"},{"taxonomy":"post_tag","embeddable":true,"href":"https:\/\/linitiative.ca\/International\/wp-json\/wp\/v2\/tags?post=151830"}],"curies":[{"name":"wp","href":"https:\/\/api.w.org\/{rel}","templated":true}]}}