{"id":151836,"date":"2022-07-05T11:33:15","date_gmt":"2022-07-05T15:33:15","guid":{"rendered":"https:\/\/linitiative.ca\/International\/cameroun-marches-publics-le-personnel-des-travaux-publics-se-met-au-digital\/"},"modified":"2022-07-05T11:33:15","modified_gmt":"2022-07-05T15:33:15","slug":"cameroun-marches-publics-le-personnel-des-travaux-publics-se-met-au-digital","status":"publish","type":"post","link":"https:\/\/linitiative.ca\/International\/cameroun-marches-publics-le-personnel-des-travaux-publics-se-met-au-digital\/","title":{"rendered":"Cameroun-march\u00e9s publics\u00a0: le personnel des Travaux publics se met au digital"},"content":{"rendered":"<div>\n<p><img decoding=\"async\" width=\"500\" height=\"281\" src=\"https:\/\/linitiative.ca\/International\/wp-content\/uploads\/sites\/23\/2022\/07\/marche.jpg\" class=\"attachment-post-thumbnail size-post-thumbnail wp-post-image\" alt=\"\" loading=\"lazy\" srcset=\"https:\/\/linitiative.ca\/International\/wp-content\/uploads\/sites\/23\/2022\/07\/marche.jpg 500w, https:\/\/www.journalducameroun.com\/wp-content\/uploads\/2022\/07\/marche-300x169.jpg 300w, https:\/\/www.journalducameroun.com\/wp-content\/uploads\/2022\/07\/marche-780x440.jpg 780w, https:\/\/www.journalducameroun.com\/wp-content\/uploads\/2022\/07\/marche-380x215.jpg 380w, https:\/\/www.journalducameroun.com\/wp-content\/uploads\/2022\/07\/marche-160x90.jpg 160w, https:\/\/www.journalducameroun.com\/wp-content\/uploads\/2022\/07\/marche-240x135.jpg 240w\" sizes=\"auto, (max-width: 500px) 100vw, 500px\"><\/p>\n<h2 style=\"text-align: justify;\">Du 05 au 07 juillet 2022, le personnel du minist\u00e8re des Travaux publics sera \u00e0 l\u2019\u00e9cole de l\u2019application Coleps.<\/h2>\n<p style=\"text-align: justify;\">Du 05 juillet 22 C&rsquo;est \u00e0 travers un s\u00e9minaire organis\u00e9 par le Mintp et qui se tiendra du 05 au 07 juillet 2022, \u00e0 l&rsquo;Amphi 100 de l&rsquo;Ecole Nationale Sup\u00e9rieure des Travaux Publics, que plusieurs personnels sont form\u00e9s \u00e0 la ma\u00eetrise de l\u2019application COLEPS.<\/p>\n<p style=\"text-align: justify;\">Une application pour mieux impr\u00e9gn\u00e9s le personnel du Mintp dans le processus de passation des march\u00e9s publics.<\/p>\n<p style=\"text-align: justify;\">Objectif principal. Permettre aux personnels impliqu\u00e9s dans la cha\u00eene de passation des march\u00e9s publics de mieux ma\u00eetriser les textes et les proc\u00e9dures de passation des march\u00e9s publics. De ce fait, il vise aussi une ma\u00eetrise efficiente du Syst\u00e8me COLEPS, tout en y int\u00e9grant les r\u00e8gles d&rsquo;\u00e9thique et de d\u00e9ontologie professionnelles en mati\u00e8re de march\u00e9s publics.<\/p>\n<p style=\"text-align: justify;\">Cette formation en cours, fait suite \u00e0 l&rsquo;av\u00e8nement d&rsquo;un nouveau syst\u00e8me informatis\u00e9 de passation des march\u00e9s publics appel\u00e9 Cameroon On-Line E-Procurment System, COLEPS, un syst\u00e8me que les responsables de la cha\u00eene de passation des march\u00e9s publics n&rsquo;ont pas encore totalement int\u00e9gr\u00e9 en tant qu\u2019outil quotidien de travail.<br \/>\nLa session de formation organis\u00e9e par le Minist\u00e8re des Travaux publics, met l\u2019accent sur la sensibilisation des personnels du minist\u00e8re des Travaux publics, \u00e0 l&rsquo;appropriation des innovations du syst\u00e8me camerounais de passation des march\u00e9s publics.<\/p>\n<p>Selon le minist\u00e8re, ce s\u00e9minaire\u00a0 permettra au personnel du Mintp d\u2019entrer dans une pl\u00e9thore de m\u00e9tiers sur la commande publique. Entre autres, l\u2019\u00e9laboration des contrats, la passation et ex\u00e9cution des march\u00e9s publics.<\/p>\n<p>Cet article <a rel=\"nofollow\" href=\"https:\/\/www.journalducameroun.com\/cameroun-marches-publics-le-personnel-des-travaux-publics-se-met-au-digital\/\">Cameroun-march\u00e9s publics\u00a0: le personnel des Travaux publics se met au digital<\/a> est apparu en premier sur <a rel=\"nofollow\" href=\"https:\/\/www.journalducameroun.com\/\">Journal du Cameroun<\/a>.<\/p>\n<\/div>\n<p>Auteur: Esther FOSSI<br \/>\n<a href=\"https:\/\/www.journalducameroun.com\/cameroun-marches-publics-le-personnel-des-travaux-publics-se-met-au-digital\/\">Cliquez ici pour lire l&rsquo;article depuis sa source.<\/a><\/p>\n","protected":false},"excerpt":{"rendered":"<p>Du 05 au 07 juillet 2022, le personnel du minist\u00e8re des Travaux publics sera \u00e0 l\u2019\u00e9cole de l\u2019application Coleps. Du 05 juillet 22 C&rsquo;est \u00e0 travers un s\u00e9minaire organis\u00e9 par le Mintp et qui se tiendra du 05 au 07 juillet 2022, \u00e0 l&rsquo;Amphi 100 de l&rsquo;Ecole Nationale Sup\u00e9rieure des Travaux Publics, que plusieurs personnels [&hellip;]<\/p>\n","protected":false},"author":1965,"featured_media":0,"comment_status":"closed","ping_status":"closed","sticky":false,"template":"","format":"standard","meta":{"fifu_image_url":"https:\/\/www.journalducameroun.com\/wp-content\/uploads\/2022\/07\/marche.jpg","fifu_image_alt":"Cameroun-march\u00e9s publics\u00a0: le personnel des Travaux publics se met au digital","footnotes":""},"categories":[73,82],"tags":[],"class_list":["post-151836","post","type-post","status-publish","format-standard","hentry","category-actualite","category-cameroun"],"_links":{"self":[{"href":"https:\/\/linitiative.ca\/International\/wp-json\/wp\/v2\/posts\/151836","targetHints":{"allow":["GET"]}}],"collection":[{"href":"https:\/\/linitiative.ca\/International\/wp-json\/wp\/v2\/posts"}],"about":[{"href":"https:\/\/linitiative.ca\/International\/wp-json\/wp\/v2\/types\/post"}],"author":[{"embeddable":true,"href":"https:\/\/linitiative.ca\/International\/wp-json\/wp\/v2\/users\/1965"}],"replies":[{"embeddable":true,"href":"https:\/\/linitiative.ca\/International\/wp-json\/wp\/v2\/comments?post=151836"}],"version-history":[{"count":0,"href":"https:\/\/linitiative.ca\/International\/wp-json\/wp\/v2\/posts\/151836\/revisions"}],"wp:attachment":[{"href":"https:\/\/linitiative.ca\/International\/wp-json\/wp\/v2\/media?parent=151836"}],"wp:term":[{"taxonomy":"category","embeddable":true,"href":"https:\/\/linitiative.ca\/International\/wp-json\/wp\/v2\/categories?post=151836"},{"taxonomy":"post_tag","embeddable":true,"href":"https:\/\/linitiative.ca\/International\/wp-json\/wp\/v2\/tags?post=151836"}],"curies":[{"name":"wp","href":"https:\/\/api.w.org\/{rel}","templated":true}]}}