{"id":151870,"date":"2022-07-06T10:55:36","date_gmt":"2022-07-06T14:55:36","guid":{"rendered":"https:\/\/linitiative.ca\/International\/lessentiel-du-point-de-conjoncture-du-hcp-sur-le-t2-2022\/"},"modified":"2022-07-06T10:55:36","modified_gmt":"2022-07-06T14:55:36","slug":"lessentiel-du-point-de-conjoncture-du-hcp-sur-le-t2-2022","status":"publish","type":"post","link":"https:\/\/linitiative.ca\/International\/lessentiel-du-point-de-conjoncture-du-hcp-sur-le-t2-2022\/","title":{"rendered":"L\u2019essentiel du point de conjoncture du HCP sur le T2-2022"},"content":{"rendered":"<div>\n<div style=\"margin-bottom:20px;\"><img loading=\"lazy\" decoding=\"async\" width=\"750\" height=\"430\" src=\"https:\/\/linitiative.ca\/International\/wp-content\/uploads\/sites\/23\/2022\/07\/HCP-1.jpg\" class=\"attachment-post-thumbnail size-post-thumbnail wp-post-image\" alt=\"\" srcset=\"https:\/\/linitiative.ca\/International\/wp-content\/uploads\/sites\/23\/2022\/07\/HCP-1.jpg 750w, https:\/\/www.mapmarrakech.ma\/map\/uploads\/2021\/08\/HCP-1-300x172.jpg 300w\" sizes=\"auto, (max-width: 750px) 100vw, 750px\"><\/div>\n<p><b>T2-2022: <\/b><\/p>\n<p>\u2013 La croissance \u00e9conomique \u00e0 0,9%, en rythme annuel.<\/p>\n<p>\u2013 Hausse de 3,6% de la valeur ajout\u00e9e hors agriculture et repli de 16,1% de celle agricole.<\/p>\n<p>\u2013 Les volumes des exportations et des importations de biens et services auraient cr\u00fb de 6,9% et 7,3%, respectivement, en variations annuelles.<\/p>\n<p>\u2013 La consommation finale serait rest\u00e9e mod\u00e9r\u00e9e, dans un contexte de forte augmentation des prix \u00e0 la consommation et du repli des revenus ruraux.<\/p>\n<p>\u2013 Les prix \u00e0 la consommation auraient grimp\u00e9, en glissement annuel, de 6,3%, suite \u00e0 la progression de 9,5% des prix des produits alimentaires et de 4,1% de ceux des produits non-alimentaires.<\/p>\n<p>\u2013 La masse mon\u00e9taire aurait nettement ralenti, affichant une hausse de 4,9%, en glissements annuel.<\/p>\n<p>\u2013 L\u2019encours des cr\u00e9ances sur l\u2019\u00e9conomie aurait augment\u00e9 de 3,4%, en glissement annuel.<\/p>\n<p>\u2013 Le march\u00e9 des actions aurait connu un sensible mouvement de baisse, suite au repli des cours de plusieurs soci\u00e9t\u00e9s cot\u00e9es, dans le sillage des effets des tensions en Ukraine sur l\u2019\u00e9conomie nationale.<\/p>\n<p><b>Perspectives du T3-2022:<br \/>\n<\/b><\/p>\n<p>\u2013 L\u2019\u00e9conomie nationale enregistrerait une hausse de 0,8%, en variation annuelle.<\/p>\n<p>\u2013 La demande mondiale adress\u00e9e au Maroc augmenterait de 4,2%, en variation annuelle.<\/p>\n<p>\u2013 La demande int\u00e9rieure nationale resterait mod\u00e9r\u00e9e, dans un contexte de poursuite du ralentissement de la consommation des m\u00e9nages et de l\u2019investissement. En variation annuelle, son rythme de croissance s\u2019\u00e9tablirait \u00e0 +1,6%.<\/p>\n<p>\u2013 La valeur ajout\u00e9e hors agriculture devrait cro\u00eetre de 2,9% et celle agricole devrait diminuer de 14,1%.<\/p>\n<p>The post <a rel=\"nofollow\" href=\"https:\/\/www.mapmarrakech.ma\/fr\/lessentiel-du-point-de-conjoncture-du-hcp-sur-le-t2-2022\/\">L\u2019essentiel du point de conjoncture du HCP sur le T2-2022<\/a> appeared first on <a rel=\"nofollow\" href=\"https:\/\/www.mapmarrakech.ma\/fr\">MapMarrakech<\/a>.<\/p>\n<\/div>\n<p>Auteur: Meriem IGASS<br \/>\n<a href=\"https:\/\/www.mapmarrakech.ma\/fr\/lessentiel-du-point-de-conjoncture-du-hcp-sur-le-t2-2022\/\">Cliquez ici pour lire l&rsquo;article depuis sa source.<\/a><\/p>\n","protected":false},"excerpt":{"rendered":"<p>T2-2022: \u2013 La croissance \u00e9conomique \u00e0 0,9%, en rythme annuel. \u2013 Hausse de 3,6% de la valeur ajout\u00e9e hors agriculture et repli de 16,1% de celle agricole. \u2013 Les volumes des exportations et des importations de biens et services auraient cr\u00fb de 6,9% et 7,3%, respectivement, en variations annuelles. \u2013 La consommation finale serait rest\u00e9e [&hellip;]<\/p>\n","protected":false},"author":1788,"featured_media":0,"comment_status":"closed","ping_status":"closed","sticky":false,"template":"","format":"standard","meta":{"fifu_image_url":"https:\/\/www.mapmarrakech.ma\/map\/uploads\/2021\/08\/HCP-1.jpg","fifu_image_alt":"L\u2019essentiel du point de conjoncture du HCP sur le T2-2022","footnotes":""},"categories":[54,76],"tags":[],"class_list":["post-151870","post","type-post","status-publish","format-standard","hentry","category-maroc","category-regions"],"_links":{"self":[{"href":"https:\/\/linitiative.ca\/International\/wp-json\/wp\/v2\/posts\/151870","targetHints":{"allow":["GET"]}}],"collection":[{"href":"https:\/\/linitiative.ca\/International\/wp-json\/wp\/v2\/posts"}],"about":[{"href":"https:\/\/linitiative.ca\/International\/wp-json\/wp\/v2\/types\/post"}],"author":[{"embeddable":true,"href":"https:\/\/linitiative.ca\/International\/wp-json\/wp\/v2\/users\/1788"}],"replies":[{"embeddable":true,"href":"https:\/\/linitiative.ca\/International\/wp-json\/wp\/v2\/comments?post=151870"}],"version-history":[{"count":0,"href":"https:\/\/linitiative.ca\/International\/wp-json\/wp\/v2\/posts\/151870\/revisions"}],"wp:attachment":[{"href":"https:\/\/linitiative.ca\/International\/wp-json\/wp\/v2\/media?parent=151870"}],"wp:term":[{"taxonomy":"category","embeddable":true,"href":"https:\/\/linitiative.ca\/International\/wp-json\/wp\/v2\/categories?post=151870"},{"taxonomy":"post_tag","embeddable":true,"href":"https:\/\/linitiative.ca\/International\/wp-json\/wp\/v2\/tags?post=151870"}],"curies":[{"name":"wp","href":"https:\/\/api.w.org\/{rel}","templated":true}]}}