{"id":151884,"date":"2022-07-06T04:38:00","date_gmt":"2022-07-06T08:38:00","guid":{"rendered":"https:\/\/linitiative.ca\/International\/monia-ben-jemia-les-menaces-sur-les-droits-des-tunisiennes-dans-le-projet-de-constitution-du-30-juin-2022\/"},"modified":"2022-07-06T04:38:00","modified_gmt":"2022-07-06T08:38:00","slug":"monia-ben-jemia-les-menaces-sur-les-droits-des-tunisiennes-dans-le-projet-de-constitution-du-30-juin-2022","status":"publish","type":"post","link":"https:\/\/linitiative.ca\/International\/monia-ben-jemia-les-menaces-sur-les-droits-des-tunisiennes-dans-le-projet-de-constitution-du-30-juin-2022\/","title":{"rendered":"Monia Ben J\u00e9mia: Les menaces sur les droits des tunisiennes dans le projet de Constitution du 30 juin 2022"},"content":{"rendered":"<div><img decoding=\"async\" src=\"https:\/\/linitiative.ca\/International\/wp-content\/uploads\/sites\/23\/2022\/07\/1657097364_article.jpg\" alt=\"Monia Ben J\u00e9mia: Les menaces sur les droits des tunisiennes dans le projet de Constitution du 30 juin 2022\" align=\"left\">C\u2019est toujours \u00e0 l\u2019a une de la religion, que les droits des femmes, plus particuli\u00e8rement les droits priv\u00e9s et familiaux, sont jaug\u00e9s.<br \/>\nL\u2019ambig\u00fcit\u00e9 des constitutions de 1959 et de 2014 sur la place de l\u2019Islam dans l\u2019ordonnancement juridique a conduit \u00e0 des interpr\u00e9tations ambivalentes qui ont n\u00e9anmoins permis des avanc\u00e9es. Dans la Constitution de 1959, \u00ab sa religion est l\u2019Islam \u00bb de l\u2019article premier a permis la consolidation des droits accord\u00e9s par le Code du Statut personnel de 1957, comme \u00e0 interdire ou limiter certains autres droits (in\u00e9galit\u00e9 dans l\u2019h\u00e9ritage, l\u2019homme chef de famille, interdiction du mariage de la musulmane avec un non musulman, &#8230;<\/p>\n<\/div>\n<p>Auteur:<br \/>\n<a href=\"https:\/\/www.leaders.com.tn\/article\/33577-monia-ben-jemia-les-menaces-sur-les-droits-des-tunisiennes-dans-le-projet-de-constitution-du-30-juin-2022\">Cliquez ici pour lire l&rsquo;article depuis sa source.<\/a><\/p>\n","protected":false},"excerpt":{"rendered":"<p>C\u2019est toujours \u00e0 l\u2019a une de la religion, que les droits des femmes, plus particuli\u00e8rement les droits priv\u00e9s et familiaux, sont jaug\u00e9s. L\u2019ambig\u00fcit\u00e9 des constitutions de 1959 et de 2014 sur la place de l\u2019Islam dans l\u2019ordonnancement juridique a conduit \u00e0 des interpr\u00e9tations ambivalentes qui ont n\u00e9anmoins permis des avanc\u00e9es. Dans la Constitution de 1959, [&hellip;]<\/p>\n","protected":false},"author":1772,"featured_media":0,"comment_status":"closed","ping_status":"closed","sticky":false,"template":"","format":"standard","meta":{"fifu_image_url":"http:\/\/www.leaders.com.tn\/uploads\/content\/thumbnails_small\/1657097364_article.jpg","fifu_image_alt":"Monia Ben J\u00e9mia: Les menaces sur les droits des tunisiennes dans le projet de Constitution du 30 juin 2022","footnotes":""},"categories":[73,55],"tags":[],"class_list":["post-151884","post","type-post","status-publish","format-standard","hentry","category-actualite","category-tunisie"],"_links":{"self":[{"href":"https:\/\/linitiative.ca\/International\/wp-json\/wp\/v2\/posts\/151884","targetHints":{"allow":["GET"]}}],"collection":[{"href":"https:\/\/linitiative.ca\/International\/wp-json\/wp\/v2\/posts"}],"about":[{"href":"https:\/\/linitiative.ca\/International\/wp-json\/wp\/v2\/types\/post"}],"author":[{"embeddable":true,"href":"https:\/\/linitiative.ca\/International\/wp-json\/wp\/v2\/users\/1772"}],"replies":[{"embeddable":true,"href":"https:\/\/linitiative.ca\/International\/wp-json\/wp\/v2\/comments?post=151884"}],"version-history":[{"count":0,"href":"https:\/\/linitiative.ca\/International\/wp-json\/wp\/v2\/posts\/151884\/revisions"}],"wp:attachment":[{"href":"https:\/\/linitiative.ca\/International\/wp-json\/wp\/v2\/media?parent=151884"}],"wp:term":[{"taxonomy":"category","embeddable":true,"href":"https:\/\/linitiative.ca\/International\/wp-json\/wp\/v2\/categories?post=151884"},{"taxonomy":"post_tag","embeddable":true,"href":"https:\/\/linitiative.ca\/International\/wp-json\/wp\/v2\/tags?post=151884"}],"curies":[{"name":"wp","href":"https:\/\/api.w.org\/{rel}","templated":true}]}}