{"id":151905,"date":"2022-07-06T09:10:17","date_gmt":"2022-07-06T13:10:17","guid":{"rendered":"https:\/\/linitiative.ca\/International\/promotion-culturelle-et-touristique-le-fdct-se-decentralise-dans-les-hauts-bassins-a-travers-louverture-dune-antenne-regionale\/"},"modified":"2022-07-06T09:10:17","modified_gmt":"2022-07-06T13:10:17","slug":"promotion-culturelle-et-touristique-le-fdct-se-decentralise-dans-les-hauts-bassins-a-travers-louverture-dune-antenne-regionale","status":"publish","type":"post","link":"https:\/\/linitiative.ca\/International\/promotion-culturelle-et-touristique-le-fdct-se-decentralise-dans-les-hauts-bassins-a-travers-louverture-dune-antenne-regionale\/","title":{"rendered":"Promotion culturelle et touristique : Le FDCT se d\u00e9centralise dans les Hauts-Bassins \u00e0 travers l\u2019ouverture d\u2019une antenne r\u00e9gionale"},"content":{"rendered":"<div>\n<p>Compos\u00e9e de deux cellules \u2013 l\u2019une en charge de l\u2019accompagnement financier et l\u2019autre du renforcement des capacit\u00e9s et de l\u2019information \u2013 l\u2019antenne r\u00e9gionale du Fonds de d\u00e9veloppement culturel et touristique(FDCT) dans les Hauts-Bassins est officiellement ouverte.<\/p>\n<p>C\u2019est la ministre de la Communication, de la Culture, des Arts et du Tourisme, Val\u00e9rie Kabor\u00e9, qui a lanc\u00e9, le mardi 05 juillet 2022, \u00e0 Bobo-Dioulasso, cette repr\u00e9sentation du FDCT. Pour le repr\u00e9sentant des acteurs culturels dans la r\u00e9gion des Hauts-Bassins, Armel Si\u00e9 Kam, l\u2019ouverture de cette antenne r\u00e9gionale est un r\u00eave qui est devenu une r\u00e9alit\u00e9.\u00a0<em>\u00ab\u00a0La d\u00e9concentration du Fonds de d\u00e9veloppement culturel et touristique est plus qu\u2019une n\u00e9cessit\u00e9 au regard des \u00e9normes difficult\u00e9s li\u00e9es aux proc\u00e9dures administratives qui imposent aux acteurs de toujours tourner le regard vers la capitale\u00a0\u00bb, <\/em>a-t-il ajout\u00e9.<\/p>\n<figure id=\"attachment_51914\" aria-describedby=\"caption-attachment-51914\" style=\"width: 683px\" class=\"wp-caption alignnone\"><img decoding=\"async\" data-attachment-id=\"51914\" data-permalink=\"https:\/\/www.sidwaya.info\/blog\/2022\/07\/06\/promotion-culturelle-et-touristique-le-fdct-se-decentralise-dans-les-hauts-bassins-a-travers-louverture-dune-antenne-regionale\/2-815\/\" data-orig-file=\"https:\/\/www.sidwaya.info\/wp-content\/uploads\/2022\/07\/2-2-e1657112733227.jpg\" data-orig-size=\"600,900\" data-comments-opened=\"1\" data-image-meta='{\"aperture\":\"5.6\",\"credit\":\"\",\"camera\":\"NIKON D5600\",\"caption\":\"\",\"created_timestamp\":\"0\",\"copyright\":\"\",\"focal_length\":\"55\",\"iso\":\"100\",\"shutter_speed\":\"0.005\",\"title\":\"\",\"orientation\":\"0\"}' data-image-title=\"2\" data-image-description=\"\" data-image-caption=\"\" data-medium-file=\"https:\/\/www.sidwaya.info\/wp-content\/uploads\/2022\/07\/2-2-e1657112733227-200x300.jpg\" data-large-file=\"https:\/\/linitiative.ca\/International\/wp-content\/uploads\/sites\/23\/2022\/07\/2-2-683x1024-1.jpg\" loading=\"lazy\" class=\"wp-image-51914 size-large\" src=\"https:\/\/linitiative.ca\/International\/wp-content\/uploads\/sites\/23\/2022\/07\/2-2-683x1024-1.jpg\" alt=\"\" width=\"683\" height=\"1024\"><figcaption id=\"caption-attachment-51914\" class=\"wp-caption-text\">Plusieurs partenaires \u00e9taient pr\u00e9sents \u00e0 la c\u00e9r\u00e9monie dont l\u2019Union europ\u00e9enne \u00e0 travers son chef de d\u00e9l\u00e9gation, Wolfram Vetter. \u00a9 : Alassane KERE pour Sidwaya.info. Editions Sidwaya.<\/figcaption><\/figure>\n<p>Pr\u00e9sent \u00e0 la c\u00e9r\u00e9monie d\u2019ouverture, l\u2019ambassadeur chef de la d\u00e9l\u00e9gation de l\u2019Union europ\u00e9enne, Wolfram Vetter a soulign\u00e9 l\u2019importance de l\u2019antenne r\u00e9gionale du FDCT pour la r\u00e9ussite du Programme d\u2019appui aux industries cr\u00e9atives et \u00e0 la gouvernance culturelle (PAIC GC)<em>.\u00a0<\/em><em>\u00ab\u00a0Ce programme, soutenu par l\u2019UE avec une contribution de 10 millions d\u2019euros, vise \u00e0 renforcer la d\u00e9concentration de l\u2019action culturelle et la d\u00e9mocratisation de la culture \u00e0 l\u2019\u00e9chelle r\u00e9gionale\u00a0\u00bb<\/em>, a-t-il d\u00e9clar\u00e9.<\/p>\n<p>La ministre de la Communication, de la Culture, des Arts et du Tourisme, Val\u00e9rie Kabor\u00e9, a, pour sa part, affirm\u00e9 qu\u2019 \u00e0 travers cette d\u00e9concentration du FDCT dans les Hauts-Bassins \u00ab<em>c\u2019est une volont\u00e9 du gouvernement qui se concr\u00e9tise dans le cadre de la mise en \u0153uvre du Programme d\u2019appui aux industries cr\u00e9atives et \u00e0 la gouvernance de la culture (PAIC GC)\u00a0\u00bb.<\/em><\/p>\n<figure id=\"attachment_51915\" aria-describedby=\"caption-attachment-51915\" style=\"width: 696px\" class=\"wp-caption alignnone\"><img decoding=\"async\" data-attachment-id=\"51915\" data-permalink=\"https:\/\/www.sidwaya.info\/blog\/2022\/07\/06\/promotion-culturelle-et-touristique-le-fdct-se-decentralise-dans-les-hauts-bassins-a-travers-louverture-dune-antenne-regionale\/3-351\/\" data-orig-file=\"https:\/\/www.sidwaya.info\/wp-content\/uploads\/2022\/07\/3-e1657112884865.jpg\" data-orig-size=\"600,400\" data-comments-opened=\"1\" data-image-meta='{\"aperture\":\"5.6\",\"credit\":\"\",\"camera\":\"NIKON D5600\",\"caption\":\"\",\"created_timestamp\":\"0\",\"copyright\":\"\",\"focal_length\":\"18\",\"iso\":\"125\",\"shutter_speed\":\"0.01\",\"title\":\"\",\"orientation\":\"0\"}' data-image-title=\"\" data-image-description=\"\" data-image-caption=\"&lt;p&gt;De nombreux acteurs culturels burkinab\u00e8 \u00e9taient t\u00e9moins de l\u2019ouverture de cette premi\u00e8re antenne r\u00e9gionale du FDCT. \u00a9 : Alassane KERE pour Sidwaya.info. Editions Sidwaya.&lt;\/p&gt;\n\" data-medium-file=\"https:\/\/www.sidwaya.info\/wp-content\/uploads\/2022\/07\/3-e1657112884865-300x200.jpg\" data-large-file=\"https:\/\/linitiative.ca\/International\/wp-content\/uploads\/sites\/23\/2022\/07\/3-1024x683-1.jpg\" loading=\"lazy\" class=\"size-large wp-image-51915\" src=\"https:\/\/linitiative.ca\/International\/wp-content\/uploads\/sites\/23\/2022\/07\/3-1024x683-1.jpg\" alt=\"\" width=\"696\" height=\"464\"><figcaption id=\"caption-attachment-51915\" class=\"wp-caption-text\"><strong>De nombreux acteurs culturels burkinab\u00e8 \u00e9taient t\u00e9moins de l\u2019ouverture de cette premi\u00e8re antenne r\u00e9gionale du FDCT. \u00a9 : Alassane KERE pour Sidwaya.info. Editions Sidwaya.<\/strong><\/figcaption><\/figure>\n<p>Les attributions de l\u2019antenne r\u00e9gionale du FDCT sont, entre autres, organiser \u00e0 projets dans la r\u00e9gion des Hauts-Bassins ;r\u00e9ceptionner les requ\u00eates de financement ;pr\u00e9s\u00e9lectionner les dossiers d\u2019appels \u00e0 projets ;suivre la mise en \u0153uvre des projets financ\u00e9s ;conduire les \u00e9valuations des projets.<\/p>\n<p><strong>AK<\/strong><strong><br \/>\n<\/strong><\/p>\n<\/div>\n<p>Auteur: Wamini SIDWAYA<br \/>\n<a href=\"https:\/\/www.sidwaya.info\/blog\/2022\/07\/06\/promotion-culturelle-et-touristique-le-fdct-se-decentralise-dans-les-hauts-bassins-a-travers-louverture-dune-antenne-regionale\/\">Cliquez ici pour lire l&rsquo;article depuis sa source.<\/a><\/p>\n","protected":false},"excerpt":{"rendered":"<p>Compos\u00e9e de deux cellules \u2013 l\u2019une en charge de l\u2019accompagnement financier et l\u2019autre du renforcement des capacit\u00e9s et de l\u2019information \u2013 l\u2019antenne r\u00e9gionale du Fonds de d\u00e9veloppement culturel et touristique(FDCT) dans les Hauts-Bassins est officiellement ouverte. C\u2019est la ministre de la Communication, de la Culture, des Arts et du Tourisme, Val\u00e9rie Kabor\u00e9, qui a lanc\u00e9, [&hellip;]<\/p>\n","protected":false},"author":1816,"featured_media":0,"comment_status":"closed","ping_status":"closed","sticky":false,"template":"","format":"standard","meta":{"fifu_image_url":"https:\/\/www.sidwaya.info\/wp-content\/uploads\/2022\/07\/2-2-683x1024.jpg","fifu_image_alt":"Promotion culturelle et touristique : Le FDCT se d\u00e9centralise dans les Hauts-Bassins \u00e0 travers l\u2019ouverture d\u2019une antenne r\u00e9gionale","footnotes":""},"categories":[73,81],"tags":[],"class_list":["post-151905","post","type-post","status-publish","format-standard","hentry","category-actualite","category-burkina-faso"],"_links":{"self":[{"href":"https:\/\/linitiative.ca\/International\/wp-json\/wp\/v2\/posts\/151905","targetHints":{"allow":["GET"]}}],"collection":[{"href":"https:\/\/linitiative.ca\/International\/wp-json\/wp\/v2\/posts"}],"about":[{"href":"https:\/\/linitiative.ca\/International\/wp-json\/wp\/v2\/types\/post"}],"author":[{"embeddable":true,"href":"https:\/\/linitiative.ca\/International\/wp-json\/wp\/v2\/users\/1816"}],"replies":[{"embeddable":true,"href":"https:\/\/linitiative.ca\/International\/wp-json\/wp\/v2\/comments?post=151905"}],"version-history":[{"count":0,"href":"https:\/\/linitiative.ca\/International\/wp-json\/wp\/v2\/posts\/151905\/revisions"}],"wp:attachment":[{"href":"https:\/\/linitiative.ca\/International\/wp-json\/wp\/v2\/media?parent=151905"}],"wp:term":[{"taxonomy":"category","embeddable":true,"href":"https:\/\/linitiative.ca\/International\/wp-json\/wp\/v2\/categories?post=151905"},{"taxonomy":"post_tag","embeddable":true,"href":"https:\/\/linitiative.ca\/International\/wp-json\/wp\/v2\/tags?post=151905"}],"curies":[{"name":"wp","href":"https:\/\/api.w.org\/{rel}","templated":true}]}}