{"id":15195,"date":"2019-02-18T03:27:13","date_gmt":"2019-02-18T08:27:13","guid":{"rendered":"https:\/\/linitiative.ca\/International\/85713-can-u20-premier-sacre-pour-le-mali\/"},"modified":"2019-02-18T03:27:13","modified_gmt":"2019-02-18T08:27:13","slug":"85713-can-u20-premier-sacre-pour-le-mali","status":"publish","type":"post","link":"https:\/\/linitiative.ca\/International\/85713-can-u20-premier-sacre-pour-le-mali\/","title":{"rendered":"CAN U20 : Premier sacre pour le Mali"},"content":{"rendered":"<div>\n<div class=\"K2FeedImage\"><img decoding=\"async\" src=\"http:\/\/www.aps.dz\/media\/k2\/items\/cache\/60cc0c9dfb654e4c5a1bb8bec76cfe59_S.jpg\" alt=\"CAN U20 : Premier sacre pour le Mali\"><\/div>\n<div class=\"K2FeedIntroText\">\n<p>NIAMEY &#8211; Le Mali a remport\u00e9 pour la premi\u00e8re fois de son histoire la Coupe d&rsquo;Afrique des nations (CAN) des U20, en battant en finale le S\u00e9n\u00e9gal 3 \u00e0 2 aux tirs au but (1-1 apr\u00e8s prolongation), dimanche \u00e0 Niamey.<\/p>\n<\/div>\n<div class=\"K2FeedFullText\">\n<p>Le Mali avait perdu sa premi\u00e8re finale en 1989. Le S\u00e9n\u00e9gal est finaliste pour la 3e fois d&rsquo;affil\u00e9e apr\u00e8s 2015 et 2017.<\/p>\n<p>Les S\u00e9n\u00e9galais, pourtant vainqueurs des Maliens (2-0) en phase de groupes, se consolent avec les troph\u00e9es de meilleur joueur d\u00e9cern\u00e9 au d\u00e9fenseur Moussa Ndiaye, de meilleur buteur avec Amadou Dia Ndiaye (3 buts), et du fair play.<\/p>\n<p>Le Mali, le S\u00e9n\u00e9gal, l&rsquo;Afrique du Sud (3e) et le Nigeria (4e) repr\u00e9senteront le continent africain au Mondial U20 pr\u00e9vu du 23 mai au 15 juin en Pologne.<\/p>\n<\/div>\n<p><img loading=\"lazy\" decoding=\"async\" src=\"http:\/\/feeds.feedburner.com\/~r\/aps-sport\/~4\/kZcIImtD6vo\" height=\"1\" width=\"1\" alt=\"\"><\/div>\n<p>Auteur:<br \/>\n<a href=\"http:\/\/www.aps.dz\/sport\/85713-can-u20-premier-sacre-pour-le-mali?utm_source=feedburner&#038;utm_medium=feed&#038;utm_campaign=Feed%3A+aps-sport+%28APS+-+SPORT%29\">Cliquez ici pour lire l&rsquo;article depuis sa source.<\/a><\/p>\n","protected":false},"excerpt":{"rendered":"<p>NIAMEY &#8211; Le Mali a remport\u00e9 pour la premi\u00e8re fois de son histoire la Coupe d&rsquo;Afrique des nations (CAN) des U20, en battant en finale le S\u00e9n\u00e9gal 3 \u00e0 2 aux tirs au but (1-1 apr\u00e8s prolongation), dimanche \u00e0 Niamey. Le Mali avait perdu sa premi\u00e8re finale en 1989. Le S\u00e9n\u00e9gal est finaliste pour la [&hellip;]<\/p>\n","protected":false},"author":1790,"featured_media":15196,"comment_status":"closed","ping_status":"closed","sticky":false,"template":"","format":"standard","meta":{"fifu_image_url":"","fifu_image_alt":"","footnotes":""},"categories":[53,75],"tags":[],"class_list":["post-15195","post","type-post","status-publish","format-standard","has-post-thumbnail","hentry","category-algerie","category-sport"],"_links":{"self":[{"href":"https:\/\/linitiative.ca\/International\/wp-json\/wp\/v2\/posts\/15195","targetHints":{"allow":["GET"]}}],"collection":[{"href":"https:\/\/linitiative.ca\/International\/wp-json\/wp\/v2\/posts"}],"about":[{"href":"https:\/\/linitiative.ca\/International\/wp-json\/wp\/v2\/types\/post"}],"author":[{"embeddable":true,"href":"https:\/\/linitiative.ca\/International\/wp-json\/wp\/v2\/users\/1790"}],"replies":[{"embeddable":true,"href":"https:\/\/linitiative.ca\/International\/wp-json\/wp\/v2\/comments?post=15195"}],"version-history":[{"count":0,"href":"https:\/\/linitiative.ca\/International\/wp-json\/wp\/v2\/posts\/15195\/revisions"}],"wp:featuredmedia":[{"embeddable":true,"href":"https:\/\/linitiative.ca\/International\/wp-json\/"}],"wp:attachment":[{"href":"https:\/\/linitiative.ca\/International\/wp-json\/wp\/v2\/media?parent=15195"}],"wp:term":[{"taxonomy":"category","embeddable":true,"href":"https:\/\/linitiative.ca\/International\/wp-json\/wp\/v2\/categories?post=15195"},{"taxonomy":"post_tag","embeddable":true,"href":"https:\/\/linitiative.ca\/International\/wp-json\/wp\/v2\/tags?post=15195"}],"curies":[{"name":"wp","href":"https:\/\/api.w.org\/{rel}","templated":true}]}}