{"id":151954,"date":"2022-07-07T13:37:39","date_gmt":"2022-07-07T17:37:39","guid":{"rendered":"https:\/\/linitiative.ca\/International\/aid-al-adha-prix-de-vente-des-animaux-destines-a-labattage-par-marche-2\/"},"modified":"2022-07-07T13:37:39","modified_gmt":"2022-07-07T17:37:39","slug":"aid-al-adha-prix-de-vente-des-animaux-destines-a-labattage-par-marche-2","status":"publish","type":"post","link":"https:\/\/linitiative.ca\/International\/aid-al-adha-prix-de-vente-des-animaux-destines-a-labattage-par-marche-2\/","title":{"rendered":"Aid Al Adha: Prix de vente des animaux destin\u00e9s \u00e0 l\u2019abattage par march\u00e9"},"content":{"rendered":"<div>\n<div style=\"margin-bottom:20px;\"><img loading=\"lazy\" decoding=\"async\" width=\"750\" height=\"430\" src=\"https:\/\/linitiative.ca\/International\/wp-content\/uploads\/sites\/23\/2022\/07\/cultures-printaniC3A8res-moutons-copier.jpg\" class=\"attachment-post-thumbnail size-post-thumbnail wp-post-image\" alt=\"\" srcset=\"https:\/\/linitiative.ca\/International\/wp-content\/uploads\/sites\/23\/2022\/07\/cultures-printaniC3A8res-moutons-copier.jpg 750w, https:\/\/www.mapmarrakech.ma\/map\/uploads\/2022\/07\/cultures-printani\u00e8res-moutons-copier-300x172.jpg 300w\" sizes=\"auto, (max-width: 750px) 100vw, 750px\"><\/div>\n<p><img loading=\"lazy\" decoding=\"async\" class=\"alignnone size-full wp-image-95619\" src=\"https:\/\/linitiative.ca\/International\/wp-content\/uploads\/sites\/23\/2022\/07\/info-brebis-1-1.jpg\" alt=\"\" width=\"640\" height=\"640\" srcset=\"https:\/\/www.mapmarrakech.ma\/map\/uploads\/2022\/07\/info-brebis-1-1.jpg 640w, https:\/\/www.mapmarrakech.ma\/map\/uploads\/2022\/07\/info-brebis-1-1-150x150.jpg 150w, https:\/\/www.mapmarrakech.ma\/map\/uploads\/2022\/07\/info-brebis-1-1-300x300.jpg 300w\" sizes=\"auto, (max-width: 640px) 100vw, 640px\"><\/p>\n<figure id=\"attachment_95620\" style=\"width: 640px\" class=\"wp-caption alignnone\"><img loading=\"lazy\" decoding=\"async\" class=\"size-full wp-image-95620\" src=\"https:\/\/linitiative.ca\/International\/wp-content\/uploads\/sites\/23\/2022\/07\/info-brebis-2-1.jpg\" alt=\"\" width=\"640\" height=\"640\" srcset=\"https:\/\/www.mapmarrakech.ma\/map\/uploads\/2022\/07\/info-brebis-2-1.jpg 640w, https:\/\/www.mapmarrakech.ma\/map\/uploads\/2022\/07\/info-brebis-2-1-150x150.jpg 150w, https:\/\/www.mapmarrakech.ma\/map\/uploads\/2022\/07\/info-brebis-2-1-300x300.jpg 300w\" sizes=\"auto, (max-width: 640px) 100vw, 640px\"><figcaption class=\"wp-caption-text\">Voici les prix de vente par march\u221a\u00a9 des animaux destin\u221a\u00a9s \u221a\u2020 l\u2019abattage \u221a\u2020 l\u2019occasion de Aid Al Adha, pour la journ\u221a\u00a9e du 6 juillet, selon le syst\u221a\u00aeme \u00ab\u00a0Assaar\u00a0\u00bb de suivi des prix des produits agricoles et alimentaires du minist\u221a\u00aere de l\u2019Agriculture, de la P\u221a<img decoding=\"async\" src=\"https:\/\/linitiative.ca\/International\/wp-content\/uploads\/sites\/23\/2022\/07\/2122-1.png\" alt=\"\u2122\" class=\"wp-smiley\" style=\"height: 1em; max-height: 1em;\">che Maritime, du D\u221a\u00a9veloppement Rural et des Eaux et For\u221a<img decoding=\"async\" src=\"https:\/\/linitiative.ca\/International\/wp-content\/uploads\/sites\/23\/2022\/07\/2122-1.png\" alt=\"\u2122\" class=\"wp-smiley\" style=\"height: 1em; max-height: 1em;\">ts:<\/figcaption><\/figure>\n<figure id=\"attachment_95621\" style=\"width: 640px\" class=\"wp-caption alignnone\"><img loading=\"lazy\" decoding=\"async\" class=\"size-full wp-image-95621\" src=\"https:\/\/linitiative.ca\/International\/wp-content\/uploads\/sites\/23\/2022\/07\/info-brebis-3-1.jpg\" alt=\"\" width=\"640\" height=\"640\" srcset=\"https:\/\/www.mapmarrakech.ma\/map\/uploads\/2022\/07\/info-brebis-3-1.jpg 640w, https:\/\/www.mapmarrakech.ma\/map\/uploads\/2022\/07\/info-brebis-3-1-150x150.jpg 150w, https:\/\/www.mapmarrakech.ma\/map\/uploads\/2022\/07\/info-brebis-3-1-300x300.jpg 300w\" sizes=\"auto, (max-width: 640px) 100vw, 640px\"><figcaption class=\"wp-caption-text\">Voici les prix de vente par march\u221a\u00a9 des animaux destin\u221a\u00a9s \u221a\u2020 l\u2019abattage \u221a\u2020 l\u2019occasion de Aid Al Adha, pour la journ\u221a\u00a9e du 6 juillet, selon le syst\u221a\u00aeme \u00ab\u00a0Assaar\u00a0\u00bb de suivi des prix des produits agricoles et alimentaires du minist\u221a\u00aere de l\u2019Agriculture, de la P\u221a<img decoding=\"async\" src=\"https:\/\/linitiative.ca\/International\/wp-content\/uploads\/sites\/23\/2022\/07\/2122-1.png\" alt=\"\u2122\" class=\"wp-smiley\" style=\"height: 1em; max-height: 1em;\">che Maritime, du D\u221a\u00a9veloppement Rural et des Eaux et For\u221a<img decoding=\"async\" src=\"https:\/\/linitiative.ca\/International\/wp-content\/uploads\/sites\/23\/2022\/07\/2122-1.png\" alt=\"\u2122\" class=\"wp-smiley\" style=\"height: 1em; max-height: 1em;\">ts:<\/figcaption><\/figure>\n<p>The post <a rel=\"nofollow\" href=\"https:\/\/www.mapmarrakech.ma\/fr\/aid-al-adha-prix-de-vente-des-animaux-destines-a-labattage-par-marche-2\/\">Aid Al Adha: Prix de vente des animaux destin\u00e9s \u00e0 l\u2019abattage par march\u00e9<\/a> appeared first on <a rel=\"nofollow\" href=\"https:\/\/www.mapmarrakech.ma\/fr\">MapMarrakech<\/a>.<\/p>\n<\/div>\n<p>Auteur: Meriem IGASS<br \/>\n<a href=\"https:\/\/www.mapmarrakech.ma\/fr\/aid-al-adha-prix-de-vente-des-animaux-destines-a-labattage-par-marche-2\/\">Cliquez ici pour lire l&rsquo;article depuis sa source.<\/a><\/p>\n","protected":false},"excerpt":{"rendered":"<p>Voici les prix de vente par march\u221a\u00a9 des animaux destin\u221a\u00a9s \u221a\u2020 l\u2019abattage \u221a\u2020 l\u2019occasion de Aid Al Adha, pour la journ\u221a\u00a9e du 6 juillet, selon le syst\u221a\u00aeme \u00ab\u00a0Assaar\u00a0\u00bb de suivi des prix des produits agricoles et alimentaires du minist\u221a\u00aere de l\u2019Agriculture, de la P\u221ache Maritime, du D\u221a\u00a9veloppement Rural et des Eaux et For\u221ats: Voici les [&hellip;]<\/p>\n","protected":false},"author":1788,"featured_media":0,"comment_status":"closed","ping_status":"closed","sticky":false,"template":"","format":"standard","meta":{"fifu_image_url":"https:\/\/www.mapmarrakech.ma\/map\/uploads\/2022\/07\/cultures-printani\u00e8res-moutons-copier.jpg","fifu_image_alt":"Aid Al Adha: Prix de vente des animaux destin\u00e9s \u00e0 l\u2019abattage par march\u00e9","footnotes":""},"categories":[54,76],"tags":[],"class_list":["post-151954","post","type-post","status-publish","format-standard","hentry","category-maroc","category-regions"],"_links":{"self":[{"href":"https:\/\/linitiative.ca\/International\/wp-json\/wp\/v2\/posts\/151954","targetHints":{"allow":["GET"]}}],"collection":[{"href":"https:\/\/linitiative.ca\/International\/wp-json\/wp\/v2\/posts"}],"about":[{"href":"https:\/\/linitiative.ca\/International\/wp-json\/wp\/v2\/types\/post"}],"author":[{"embeddable":true,"href":"https:\/\/linitiative.ca\/International\/wp-json\/wp\/v2\/users\/1788"}],"replies":[{"embeddable":true,"href":"https:\/\/linitiative.ca\/International\/wp-json\/wp\/v2\/comments?post=151954"}],"version-history":[{"count":0,"href":"https:\/\/linitiative.ca\/International\/wp-json\/wp\/v2\/posts\/151954\/revisions"}],"wp:attachment":[{"href":"https:\/\/linitiative.ca\/International\/wp-json\/wp\/v2\/media?parent=151954"}],"wp:term":[{"taxonomy":"category","embeddable":true,"href":"https:\/\/linitiative.ca\/International\/wp-json\/wp\/v2\/categories?post=151954"},{"taxonomy":"post_tag","embeddable":true,"href":"https:\/\/linitiative.ca\/International\/wp-json\/wp\/v2\/tags?post=151954"}],"curies":[{"name":"wp","href":"https:\/\/api.w.org\/{rel}","templated":true}]}}