{"id":151967,"date":"2022-07-07T04:00:00","date_gmt":"2022-07-07T08:00:00","guid":{"rendered":"https:\/\/linitiative.ca\/International\/ces-tunisiens-recteurs-et-doyens-en-amerique-du-nord-et-au-japon\/"},"modified":"2022-07-07T04:00:00","modified_gmt":"2022-07-07T08:00:00","slug":"ces-tunisiens-recteurs-et-doyens-en-amerique-du-nord-et-au-japon","status":"publish","type":"post","link":"https:\/\/linitiative.ca\/International\/ces-tunisiens-recteurs-et-doyens-en-amerique-du-nord-et-au-japon\/","title":{"rendered":"Ces Tunisiens recteurs et doyens en Am\u00e9rique du Nord et au Japon"},"content":{"rendered":"<div><img decoding=\"async\" src=\"https:\/\/linitiative.ca\/International\/wp-content\/uploads\/sites\/23\/2022\/07\/1657018139_article.jpg\" alt=\"Ces Tunisiens recteurs et doyens en Am\u00e9rique du Nord et au Japon\" align=\"left\">Coup sur coup, quatre nouvelles nominations \u00e0 de hautes fonctions acad\u00e9miques dans de prestigieuses universit\u00e9s au Japon et en Am\u00e9rique du Nord se succ\u00e8dent. Abderrazak Ben Khelifa est promu doyen de l\u2019\u00e9cole d\u2019informatique et d\u2019ing\u00e9nierie \u00e0 l\u2019universit\u00e9 d\u2019Aizu au Japon. Aux Etats-Unis d\u2019Am\u00e9rique, Moez Limayem est sur le point d\u2019\u00eatre confirm\u00e9 en tant que pr\u00e9sident de l\u2019Universit\u00e9 de Floride du Nord. Fatma Mili prendra d\u00e8s ce mois de juillet ses nouvelles fonctions de vice-pr\u00e9sidente des affaires acad\u00e9miques et doyenne \u00e0 la Grand Valley State University (GVSU) dans le Michigan. Au Canada, Ahlem Ammar est nomm\u00e9e doyenne de la facult\u00e9 des Sciences de &#8230;<\/p>\n<\/div>\n<p>Auteur:<br \/>\n<a href=\"https:\/\/www.leaders.com.tn\/article\/33575-ces-tunisiens-recteurs-et-doyens-en-amerique-du-nord-et-au-japon\">Cliquez ici pour lire l&rsquo;article depuis sa source.<\/a><\/p>\n","protected":false},"excerpt":{"rendered":"<p>Coup sur coup, quatre nouvelles nominations \u00e0 de hautes fonctions acad\u00e9miques dans de prestigieuses universit\u00e9s au Japon et en Am\u00e9rique du Nord se succ\u00e8dent. Abderrazak Ben Khelifa est promu doyen de l\u2019\u00e9cole d\u2019informatique et d\u2019ing\u00e9nierie \u00e0 l\u2019universit\u00e9 d\u2019Aizu au Japon. Aux Etats-Unis d\u2019Am\u00e9rique, Moez Limayem est sur le point d\u2019\u00eatre confirm\u00e9 en tant que pr\u00e9sident [&hellip;]<\/p>\n","protected":false},"author":1772,"featured_media":0,"comment_status":"closed","ping_status":"closed","sticky":false,"template":"","format":"standard","meta":{"fifu_image_url":"http:\/\/www.leaders.com.tn\/uploads\/content\/thumbnails_small\/1657018139_article.jpg","fifu_image_alt":"Ces Tunisiens recteurs et doyens en Am\u00e9rique du Nord et au Japon","footnotes":""},"categories":[73,55],"tags":[],"class_list":["post-151967","post","type-post","status-publish","format-standard","hentry","category-actualite","category-tunisie"],"_links":{"self":[{"href":"https:\/\/linitiative.ca\/International\/wp-json\/wp\/v2\/posts\/151967","targetHints":{"allow":["GET"]}}],"collection":[{"href":"https:\/\/linitiative.ca\/International\/wp-json\/wp\/v2\/posts"}],"about":[{"href":"https:\/\/linitiative.ca\/International\/wp-json\/wp\/v2\/types\/post"}],"author":[{"embeddable":true,"href":"https:\/\/linitiative.ca\/International\/wp-json\/wp\/v2\/users\/1772"}],"replies":[{"embeddable":true,"href":"https:\/\/linitiative.ca\/International\/wp-json\/wp\/v2\/comments?post=151967"}],"version-history":[{"count":0,"href":"https:\/\/linitiative.ca\/International\/wp-json\/wp\/v2\/posts\/151967\/revisions"}],"wp:attachment":[{"href":"https:\/\/linitiative.ca\/International\/wp-json\/wp\/v2\/media?parent=151967"}],"wp:term":[{"taxonomy":"category","embeddable":true,"href":"https:\/\/linitiative.ca\/International\/wp-json\/wp\/v2\/categories?post=151967"},{"taxonomy":"post_tag","embeddable":true,"href":"https:\/\/linitiative.ca\/International\/wp-json\/wp\/v2\/tags?post=151967"}],"curies":[{"name":"wp","href":"https:\/\/api.w.org\/{rel}","templated":true}]}}