{"id":151969,"date":"2022-07-07T06:08:00","date_gmt":"2022-07-07T10:08:00","guid":{"rendered":"https:\/\/linitiative.ca\/International\/ahmed-ben-hamouda-appel-a-plus-de-raison\/"},"modified":"2022-07-07T06:08:00","modified_gmt":"2022-07-07T10:08:00","slug":"ahmed-ben-hamouda-appel-a-plus-de-raison","status":"publish","type":"post","link":"https:\/\/linitiative.ca\/International\/ahmed-ben-hamouda-appel-a-plus-de-raison\/","title":{"rendered":"Ahmed Ben Hamouda : Appel \u00e0 plus de raison"},"content":{"rendered":"<div><img decoding=\"async\" src=\"https:\/\/linitiative.ca\/International\/wp-content\/uploads\/sites\/23\/2022\/07\/1657186559_article.jpg\" alt=\"Ahmed Ben Hamouda : Appel \u00e0 plus de raison\" align=\"left\">Je d\u00e9plore que le Pr\u00e9sident de la R\u00e9publique et la commission du Professeur Sadok Belaid n\u2019aient pas tenu compte de quelques rep\u00e8res utiles pour notre vivre ensemble et pour la gouvernance apais\u00e9e de nos institutions et de nos ressources. Je passe outre les arguties abondamment d\u00e9velopp\u00e9es ici et l\u00e0 et relatives au pouvoir et au danger de son exercice par un Pr\u00e9sident qui a taill\u00e9 \u00e0 sa mesure la constitution. Ici, je me r\u00e9f\u00e8re surtout \u00e0 l\u2019article 5 du projet de constitution paru sur le JORT parce que je l\u2019estime capital aux yeux des anonymes soucieux de soutenir par une vision culturelle notre projet futur de gouvernance.<br \/>\nDeux oublis expliquent mon d\u00e9pit: le premier &#8230;<\/p>\n<\/div>\n<p>Auteur:<br \/>\n<a href=\"https:\/\/www.leaders.com.tn\/article\/33581-ahmed-ben-hamouda-appel-a-plus-de-raison\">Cliquez ici pour lire l&rsquo;article depuis sa source.<\/a><\/p>\n","protected":false},"excerpt":{"rendered":"<p>Je d\u00e9plore que le Pr\u00e9sident de la R\u00e9publique et la commission du Professeur Sadok Belaid n\u2019aient pas tenu compte de quelques rep\u00e8res utiles pour notre vivre ensemble et pour la gouvernance apais\u00e9e de nos institutions et de nos ressources. Je passe outre les arguties abondamment d\u00e9velopp\u00e9es ici et l\u00e0 et relatives au pouvoir et au [&hellip;]<\/p>\n","protected":false},"author":1772,"featured_media":0,"comment_status":"closed","ping_status":"closed","sticky":false,"template":"","format":"standard","meta":{"fifu_image_url":"http:\/\/www.leaders.com.tn\/uploads\/content\/thumbnails_small\/1657186559_article.jpg","fifu_image_alt":"Ahmed Ben Hamouda : Appel \u00e0 plus de raison","footnotes":""},"categories":[73,55],"tags":[],"class_list":["post-151969","post","type-post","status-publish","format-standard","hentry","category-actualite","category-tunisie"],"_links":{"self":[{"href":"https:\/\/linitiative.ca\/International\/wp-json\/wp\/v2\/posts\/151969","targetHints":{"allow":["GET"]}}],"collection":[{"href":"https:\/\/linitiative.ca\/International\/wp-json\/wp\/v2\/posts"}],"about":[{"href":"https:\/\/linitiative.ca\/International\/wp-json\/wp\/v2\/types\/post"}],"author":[{"embeddable":true,"href":"https:\/\/linitiative.ca\/International\/wp-json\/wp\/v2\/users\/1772"}],"replies":[{"embeddable":true,"href":"https:\/\/linitiative.ca\/International\/wp-json\/wp\/v2\/comments?post=151969"}],"version-history":[{"count":0,"href":"https:\/\/linitiative.ca\/International\/wp-json\/wp\/v2\/posts\/151969\/revisions"}],"wp:attachment":[{"href":"https:\/\/linitiative.ca\/International\/wp-json\/wp\/v2\/media?parent=151969"}],"wp:term":[{"taxonomy":"category","embeddable":true,"href":"https:\/\/linitiative.ca\/International\/wp-json\/wp\/v2\/categories?post=151969"},{"taxonomy":"post_tag","embeddable":true,"href":"https:\/\/linitiative.ca\/International\/wp-json\/wp\/v2\/tags?post=151969"}],"curies":[{"name":"wp","href":"https:\/\/api.w.org\/{rel}","templated":true}]}}