{"id":151971,"date":"2022-07-07T06:34:00","date_gmt":"2022-07-07T10:34:00","guid":{"rendered":"https:\/\/linitiative.ca\/International\/itec-reevaluation-des-immobilisations-des-propositions-concretes-pour-les-decisionnaires-album-photos\/"},"modified":"2022-07-07T06:34:00","modified_gmt":"2022-07-07T10:34:00","slug":"itec-reevaluation-des-immobilisations-des-propositions-concretes-pour-les-decisionnaires-album-photos","status":"publish","type":"post","link":"https:\/\/linitiative.ca\/International\/itec-reevaluation-des-immobilisations-des-propositions-concretes-pour-les-decisionnaires-album-photos\/","title":{"rendered":"ITEC &#8211; R\u00e9\u00e9valuation des immobilisations: Des propositions concr\u00e8tes pour les d\u00e9cisionnaires (Album photos)"},"content":{"rendered":"<div><img decoding=\"async\" src=\"https:\/\/linitiative.ca\/International\/wp-content\/uploads\/sites\/23\/2022\/07\/1657096127_article.jpg\" alt=\"Le workshop de l\u2019ITEC sur la r\u00e9\u00e9valuation: Des propositions concr\u00e8tes pour les normalisateurs et le minist\u00e8re des finances  (Album photos)\" align=\"left\">Par Abderrazek Maalej * &#8211; Le worshop organis\u00e9 par l\u2019Institut Tunisien des Experts Comptables \u00ab ITEC \u00bb sur la r\u00e9\u00e9valuation des actifs immobilis\u00e9s a bouti \u00e0 des propositions utiles.\u00a0Les divergences apparues entre le Normalisateur et la l\u00e9gislation fiscale y trouvent des solutions concr\u00e8tes \u00e0 m\u00eame d&rsquo;\u00e9clairer les zones d&rsquo;ombre etde faciliter la t\u00e2che de tous.<\/p>\n<p>Ouvrant les travaux, M.Moncef Boussannougua Zammouri a point\u00e9 du doigt d&#8217;embl\u00e9e la diff\u00e9rence d&rsquo;interpr\u00e9tations et d&rsquo;appr\u00e9ciations de la valeur r\u00e9elle. \u00ab\u00a0les entreprises souffrent de cet \u00e9cart, at-il d\u00e9clar\u00e9, qui existe entre la valeur \u00e9conomique des biens comptabilis\u00e9s et leur valeur bilantielle.Ces \u00e9carts &#8230;<\/p>\n<\/div>\n<p>Auteur:<br \/>\n<a href=\"https:\/\/www.leaders.com.tn\/article\/33578-le-workshop-de-l-itec-sur-la-reevaluation-des-propositions-concretes-pour-les-normalisateurs-et-le-ministere-des-finances-album-photos\">Cliquez ici pour lire l&rsquo;article depuis sa source.<\/a><\/p>\n","protected":false},"excerpt":{"rendered":"<p>Par Abderrazek Maalej * &#8211; Le worshop organis\u00e9 par l\u2019Institut Tunisien des Experts Comptables \u00ab ITEC \u00bb sur la r\u00e9\u00e9valuation des actifs immobilis\u00e9s a bouti \u00e0 des propositions utiles.\u00a0Les divergences apparues entre le Normalisateur et la l\u00e9gislation fiscale y trouvent des solutions concr\u00e8tes \u00e0 m\u00eame d&rsquo;\u00e9clairer les zones d&rsquo;ombre etde faciliter la t\u00e2che de tous. [&hellip;]<\/p>\n","protected":false},"author":1772,"featured_media":0,"comment_status":"closed","ping_status":"closed","sticky":false,"template":"","format":"standard","meta":{"fifu_image_url":"http:\/\/www.leaders.com.tn\/uploads\/content\/thumbnails_small\/1657096127_article.jpg","fifu_image_alt":"ITEC - R\u00e9\u00e9valuation des immobilisations: Des propositions concr\u00e8tes pour les d\u00e9cisionnaires (Album photos)","footnotes":""},"categories":[73,55],"tags":[],"class_list":["post-151971","post","type-post","status-publish","format-standard","hentry","category-actualite","category-tunisie"],"_links":{"self":[{"href":"https:\/\/linitiative.ca\/International\/wp-json\/wp\/v2\/posts\/151971","targetHints":{"allow":["GET"]}}],"collection":[{"href":"https:\/\/linitiative.ca\/International\/wp-json\/wp\/v2\/posts"}],"about":[{"href":"https:\/\/linitiative.ca\/International\/wp-json\/wp\/v2\/types\/post"}],"author":[{"embeddable":true,"href":"https:\/\/linitiative.ca\/International\/wp-json\/wp\/v2\/users\/1772"}],"replies":[{"embeddable":true,"href":"https:\/\/linitiative.ca\/International\/wp-json\/wp\/v2\/comments?post=151971"}],"version-history":[{"count":0,"href":"https:\/\/linitiative.ca\/International\/wp-json\/wp\/v2\/posts\/151971\/revisions"}],"wp:attachment":[{"href":"https:\/\/linitiative.ca\/International\/wp-json\/wp\/v2\/media?parent=151971"}],"wp:term":[{"taxonomy":"category","embeddable":true,"href":"https:\/\/linitiative.ca\/International\/wp-json\/wp\/v2\/categories?post=151971"},{"taxonomy":"post_tag","embeddable":true,"href":"https:\/\/linitiative.ca\/International\/wp-json\/wp\/v2\/tags?post=151971"}],"curies":[{"name":"wp","href":"https:\/\/api.w.org\/{rel}","templated":true}]}}