{"id":151983,"date":"2022-07-07T15:22:33","date_gmt":"2022-07-07T19:22:33","guid":{"rendered":"https:\/\/linitiative.ca\/International\/axa-maroc-lance-la-1ere-assurance-maladie-individuelle-complementaire-a-lamo\/"},"modified":"2022-07-07T15:22:33","modified_gmt":"2022-07-07T19:22:33","slug":"axa-maroc-lance-la-1ere-assurance-maladie-individuelle-complementaire-a-lamo","status":"publish","type":"post","link":"https:\/\/linitiative.ca\/International\/axa-maroc-lance-la-1ere-assurance-maladie-individuelle-complementaire-a-lamo\/","title":{"rendered":"AXA Maroc lance la 1\u00e8re assurance maladie individuelle compl\u00e9mentaire \u00e0 l\u2019AMO"},"content":{"rendered":"<div><img decoding=\"async\" width=\"900\" height=\"425\" src=\"https:\/\/linitiative.ca\/International\/wp-content\/uploads\/sites\/23\/2022\/07\/Sehassur-2-e1657221498529.jpg\" class=\"attachment-post-thumbnail size-post-thumbnail wp-post-image\" alt=\"\" loading=\"lazy\" srcset=\"https:\/\/linitiative.ca\/International\/wp-content\/uploads\/sites\/23\/2022\/07\/Sehassur-2-e1657221498529.jpg 900w, https:\/\/www.challenge.ma\/wp-content\/uploads\/2022\/07\/Sehassur-2-e1657221498529-300x142.jpg 300w, https:\/\/www.challenge.ma\/wp-content\/uploads\/2022\/07\/Sehassur-2-e1657221498529-768x363.jpg 768w, https:\/\/www.challenge.ma\/wp-content\/uploads\/2022\/07\/Sehassur-2-e1657221498529-360x170.jpg 360w, https:\/\/www.challenge.ma\/wp-content\/uploads\/2022\/07\/Sehassur-2-e1657221498529-750x354.jpg 750w\" sizes=\"auto, (max-width: 900px) 100vw, 900px\" itemprop=\"image\">Destin\u00e9 aux particuliers et aux professionnels, \u00ab\u00a0SEHASSUR\u00a0\u00bb est la premi\u00e8re offre d\u2019assurance maladie compl\u00e9mentaire individuelle au Maroc, avec un mod\u00e8le de guichet unique suite \u00e0 la signature d\u2019une convention avec la Caisse Nationale de S\u00e9curit\u00e9 Sociale CNSS. AXA Assurance Maroc soutient le projet de g\u00e9n\u00e9ralisation de l\u2019AMO et s\u2019int\u00e8gre avec<\/div>\n<p>Auteur: Mehdi Ouazzani<br \/>\n<a href=\"https:\/\/www.challenge.ma\/axa-maroc-lance-la-1ere-assurance-maladie-individuelle-complementaire-a-lamo-242204\/\">Cliquez ici pour lire l&rsquo;article depuis sa source.<\/a><\/p>\n","protected":false},"excerpt":{"rendered":"<p>Destin\u00e9 aux particuliers et aux professionnels, \u00ab\u00a0SEHASSUR\u00a0\u00bb est la premi\u00e8re offre d\u2019assurance maladie compl\u00e9mentaire individuelle au Maroc, avec un mod\u00e8le de guichet unique suite \u00e0 la signature d\u2019une convention avec la Caisse Nationale de S\u00e9curit\u00e9 Sociale CNSS. AXA Assurance Maroc soutient le projet de g\u00e9n\u00e9ralisation de l\u2019AMO et s\u2019int\u00e8gre avec Auteur: Mehdi Ouazzani Cliquez ici [&hellip;]<\/p>\n","protected":false},"author":1787,"featured_media":0,"comment_status":"closed","ping_status":"closed","sticky":false,"template":"","format":"standard","meta":{"fifu_image_url":"https:\/\/www.challenge.ma\/wp-content\/uploads\/2022\/07\/Sehassur-2-e1657221498529.jpg","fifu_image_alt":"AXA Maroc lance la 1\u00e8re assurance maladie individuelle compl\u00e9mentaire \u00e0 l\u2019AMO","footnotes":""},"categories":[78,54],"tags":[],"class_list":["post-151983","post","type-post","status-publish","format-standard","hentry","category-economie","category-maroc"],"_links":{"self":[{"href":"https:\/\/linitiative.ca\/International\/wp-json\/wp\/v2\/posts\/151983","targetHints":{"allow":["GET"]}}],"collection":[{"href":"https:\/\/linitiative.ca\/International\/wp-json\/wp\/v2\/posts"}],"about":[{"href":"https:\/\/linitiative.ca\/International\/wp-json\/wp\/v2\/types\/post"}],"author":[{"embeddable":true,"href":"https:\/\/linitiative.ca\/International\/wp-json\/wp\/v2\/users\/1787"}],"replies":[{"embeddable":true,"href":"https:\/\/linitiative.ca\/International\/wp-json\/wp\/v2\/comments?post=151983"}],"version-history":[{"count":0,"href":"https:\/\/linitiative.ca\/International\/wp-json\/wp\/v2\/posts\/151983\/revisions"}],"wp:attachment":[{"href":"https:\/\/linitiative.ca\/International\/wp-json\/wp\/v2\/media?parent=151983"}],"wp:term":[{"taxonomy":"category","embeddable":true,"href":"https:\/\/linitiative.ca\/International\/wp-json\/wp\/v2\/categories?post=151983"},{"taxonomy":"post_tag","embeddable":true,"href":"https:\/\/linitiative.ca\/International\/wp-json\/wp\/v2\/tags?post=151983"}],"curies":[{"name":"wp","href":"https:\/\/api.w.org\/{rel}","templated":true}]}}