{"id":152078,"date":"2022-07-08T15:07:47","date_gmt":"2022-07-08T19:07:47","guid":{"rendered":"https:\/\/linitiative.ca\/International\/tunisie-gaafour-un-incendie-pres-de-la-voie-ferree-maitrise\/"},"modified":"2022-07-08T15:07:47","modified_gmt":"2022-07-08T19:07:47","slug":"tunisie-gaafour-un-incendie-pres-de-la-voie-ferree-maitrise","status":"publish","type":"post","link":"https:\/\/linitiative.ca\/International\/tunisie-gaafour-un-incendie-pres-de-la-voie-ferree-maitrise\/","title":{"rendered":"Tunisie \u2013 Gaafour\u00a0: Un incendie pr\u00e8s de la voie ferr\u00e9e ma\u00eetris\u00e9"},"content":{"rendered":"<div>\n<p>Ls agents de la protection civile de Gaafour ont r\u00e9ussi apr\u00e8s la mobilisation d six v\u00e9hicules de lutte contre le feu, \u00e0 ma\u00eetriser un incendie qui s\u2019est d\u00e9clar\u00e9 \u00e0 c\u00f4t\u00e9 de la voie ferr\u00e9e \u00e0 Laaroussa. \u00a0Entretemps, le feu a d\u00e9vor\u00e9 quelque 7 hectares de champs et d\u2019herbes.<\/p>\n<p>L\u2019article <a href=\"https:\/\/www.tunisienumerique.com\/tunisie-gaafour-un-incendie-pres-de-la-voie-ferree-maitrise\/\">Tunisie \u2013 Gaafour\u00a0: Un incendie pr\u00e8s de la voie ferr\u00e9e ma\u00eetris\u00e9<\/a> est apparu en premier sur <a href=\"https:\/\/www.tunisienumerique.com\/\">Tunisie<\/a>.<\/p>\n<\/div>\n<p>Auteur: LM<br \/>\n<a href=\"https:\/\/www.tunisienumerique.com\/tunisie-gaafour-un-incendie-pres-de-la-voie-ferree-maitrise\/\">Cliquez ici pour lire l&rsquo;article depuis sa source.<\/a><\/p>\n","protected":false},"excerpt":{"rendered":"<p>Ls agents de la protection civile de Gaafour ont r\u00e9ussi apr\u00e8s la mobilisation d six v\u00e9hicules de lutte contre le feu, \u00e0 ma\u00eetriser un incendie qui s\u2019est d\u00e9clar\u00e9 \u00e0 c\u00f4t\u00e9 de la voie ferr\u00e9e \u00e0 Laaroussa. \u00a0Entretemps, le feu a d\u00e9vor\u00e9 quelque 7 hectares de champs et d\u2019herbes. L\u2019article Tunisie \u2013 Gaafour\u00a0: Un incendie pr\u00e8s [&hellip;]<\/p>\n","protected":false},"author":1789,"featured_media":0,"comment_status":"closed","ping_status":"closed","sticky":false,"template":"","format":"standard","meta":{"fifu_image_url":"","fifu_image_alt":"","footnotes":""},"categories":[73,55],"tags":[],"class_list":["post-152078","post","type-post","status-publish","format-standard","hentry","category-actualite","category-tunisie"],"_links":{"self":[{"href":"https:\/\/linitiative.ca\/International\/wp-json\/wp\/v2\/posts\/152078","targetHints":{"allow":["GET"]}}],"collection":[{"href":"https:\/\/linitiative.ca\/International\/wp-json\/wp\/v2\/posts"}],"about":[{"href":"https:\/\/linitiative.ca\/International\/wp-json\/wp\/v2\/types\/post"}],"author":[{"embeddable":true,"href":"https:\/\/linitiative.ca\/International\/wp-json\/wp\/v2\/users\/1789"}],"replies":[{"embeddable":true,"href":"https:\/\/linitiative.ca\/International\/wp-json\/wp\/v2\/comments?post=152078"}],"version-history":[{"count":0,"href":"https:\/\/linitiative.ca\/International\/wp-json\/wp\/v2\/posts\/152078\/revisions"}],"wp:attachment":[{"href":"https:\/\/linitiative.ca\/International\/wp-json\/wp\/v2\/media?parent=152078"}],"wp:term":[{"taxonomy":"category","embeddable":true,"href":"https:\/\/linitiative.ca\/International\/wp-json\/wp\/v2\/categories?post=152078"},{"taxonomy":"post_tag","embeddable":true,"href":"https:\/\/linitiative.ca\/International\/wp-json\/wp\/v2\/tags?post=152078"}],"curies":[{"name":"wp","href":"https:\/\/api.w.org\/{rel}","templated":true}]}}