{"id":152079,"date":"2022-07-08T15:35:54","date_gmt":"2022-07-08T19:35:54","guid":{"rendered":"https:\/\/linitiative.ca\/International\/tunisie-regain-dactivite-de-la-covid-19-le-deni-suspect-du-ministre\/"},"modified":"2022-07-08T15:35:54","modified_gmt":"2022-07-08T19:35:54","slug":"tunisie-regain-dactivite-de-la-covid-19-le-deni-suspect-du-ministre","status":"publish","type":"post","link":"https:\/\/linitiative.ca\/International\/tunisie-regain-dactivite-de-la-covid-19-le-deni-suspect-du-ministre\/","title":{"rendered":"Tunisie \u2013 Regain d\u2019activit\u00e9 de la covid 19\u00a0: Le d\u00e9ni suspect du ministre\u00a0!"},"content":{"rendered":"<div>\n<p>Il n\u2019y a plus aucune ombre de doute que le variant actuellement en circulation de la covid, est en train de reprendre du poil de la b\u00eate, et de gagner du terrain, profitant du rel\u00e2chement des mesures de pr\u00e9vention, un peu partout dans le monde, et dans nos murs aussi. Les m\u00e9decins et autres professionnels [\u2026]<\/p>\n<p>L\u2019article <a href=\"https:\/\/www.tunisienumerique.com\/tunisie-regain-dactivite-de-la-covid-19-le-deni-suspect-du-ministre\/\">Tunisie \u2013 Regain d\u2019activit\u00e9 de la covid 19\u00a0: Le d\u00e9ni suspect du ministre\u00a0!<\/a> est apparu en premier sur <a href=\"https:\/\/www.tunisienumerique.com\/\">Tunisie<\/a>.<\/p>\n<\/div>\n<p>Auteur: Saber .<br \/>\n<a href=\"https:\/\/www.tunisienumerique.com\/tunisie-regain-dactivite-de-la-covid-19-le-deni-suspect-du-ministre\/\">Cliquez ici pour lire l&rsquo;article depuis sa source.<\/a><\/p>\n","protected":false},"excerpt":{"rendered":"<p>Il n\u2019y a plus aucune ombre de doute que le variant actuellement en circulation de la covid, est en train de reprendre du poil de la b\u00eate, et de gagner du terrain, profitant du rel\u00e2chement des mesures de pr\u00e9vention, un peu partout dans le monde, et dans nos murs aussi. Les m\u00e9decins et autres professionnels [&hellip;]<\/p>\n","protected":false},"author":1789,"featured_media":0,"comment_status":"closed","ping_status":"closed","sticky":false,"template":"","format":"standard","meta":{"fifu_image_url":"","fifu_image_alt":"","footnotes":""},"categories":[73,55],"tags":[],"class_list":["post-152079","post","type-post","status-publish","format-standard","hentry","category-actualite","category-tunisie"],"_links":{"self":[{"href":"https:\/\/linitiative.ca\/International\/wp-json\/wp\/v2\/posts\/152079","targetHints":{"allow":["GET"]}}],"collection":[{"href":"https:\/\/linitiative.ca\/International\/wp-json\/wp\/v2\/posts"}],"about":[{"href":"https:\/\/linitiative.ca\/International\/wp-json\/wp\/v2\/types\/post"}],"author":[{"embeddable":true,"href":"https:\/\/linitiative.ca\/International\/wp-json\/wp\/v2\/users\/1789"}],"replies":[{"embeddable":true,"href":"https:\/\/linitiative.ca\/International\/wp-json\/wp\/v2\/comments?post=152079"}],"version-history":[{"count":0,"href":"https:\/\/linitiative.ca\/International\/wp-json\/wp\/v2\/posts\/152079\/revisions"}],"wp:attachment":[{"href":"https:\/\/linitiative.ca\/International\/wp-json\/wp\/v2\/media?parent=152079"}],"wp:term":[{"taxonomy":"category","embeddable":true,"href":"https:\/\/linitiative.ca\/International\/wp-json\/wp\/v2\/categories?post=152079"},{"taxonomy":"post_tag","embeddable":true,"href":"https:\/\/linitiative.ca\/International\/wp-json\/wp\/v2\/tags?post=152079"}],"curies":[{"name":"wp","href":"https:\/\/api.w.org\/{rel}","templated":true}]}}