{"id":152080,"date":"2022-07-08T16:06:04","date_gmt":"2022-07-08T20:06:04","guid":{"rendered":"https:\/\/linitiative.ca\/International\/la-reouverture-de-la-frontiere-algerienne-une-vraie-bouee-de-sauvetage-pour-leconomie-tunisienne\/"},"modified":"2022-07-08T16:06:04","modified_gmt":"2022-07-08T20:06:04","slug":"la-reouverture-de-la-frontiere-algerienne-une-vraie-bouee-de-sauvetage-pour-leconomie-tunisienne","status":"publish","type":"post","link":"https:\/\/linitiative.ca\/International\/la-reouverture-de-la-frontiere-algerienne-une-vraie-bouee-de-sauvetage-pour-leconomie-tunisienne\/","title":{"rendered":"La r\u00e9ouverture de la fronti\u00e8re alg\u00e9rienne une vraie bou\u00e9e de sauvetage pour l\u2019\u00e9conomie tunisienne"},"content":{"rendered":"<div>\n<p>L\u2019annonce de l\u2019ouverture des fronti\u00e8res terrestres entre la Tunisie et l\u2019Alg\u00e9rie a raviv\u00e9 l\u2019espoir de sauver la saison touristique et de relancer les \u00e9changes \u00e9conomiques entre les deux pays. Les premiers groupes de touristes alg\u00e9riens sont attendus en Tunisie apr\u00e8s l\u2019A\u00efd al-Adha. Mardi 5 juillet courant, le pr\u00e9sident alg\u00e9rien Abdelmadjid Tebboune a annonc\u00e9, \u00e0 l\u2019occasion [\u2026]<\/p>\n<p>L\u2019article <a href=\"https:\/\/www.tunisienumerique.com\/la-reouverture-de-la-frontiere-algerienne-une-varie-bouee-de-sauvetage-pour-leconomie-tunisienne\/\">La r\u00e9ouverture de la fronti\u00e8re alg\u00e9rienne une vraie bou\u00e9e de sauvetage pour l\u2019\u00e9conomie tunisienne<\/a> est apparu en premier sur <a href=\"https:\/\/www.tunisienumerique.com\/\">Tunisie<\/a>.<\/p>\n<\/div>\n<p>Auteur: Mohamed Ben Abderrazek<br \/>\n<a href=\"https:\/\/www.tunisienumerique.com\/la-reouverture-de-la-frontiere-algerienne-une-varie-bouee-de-sauvetage-pour-leconomie-tunisienne\/\">Cliquez ici pour lire l&rsquo;article depuis sa source.<\/a><\/p>\n","protected":false},"excerpt":{"rendered":"<p>L\u2019annonce de l\u2019ouverture des fronti\u00e8res terrestres entre la Tunisie et l\u2019Alg\u00e9rie a raviv\u00e9 l\u2019espoir de sauver la saison touristique et de relancer les \u00e9changes \u00e9conomiques entre les deux pays. Les premiers groupes de touristes alg\u00e9riens sont attendus en Tunisie apr\u00e8s l\u2019A\u00efd al-Adha. Mardi 5 juillet courant, le pr\u00e9sident alg\u00e9rien Abdelmadjid Tebboune a annonc\u00e9, \u00e0 l\u2019occasion [&hellip;]<\/p>\n","protected":false},"author":1789,"featured_media":0,"comment_status":"closed","ping_status":"closed","sticky":false,"template":"","format":"standard","meta":{"fifu_image_url":"","fifu_image_alt":"","footnotes":""},"categories":[73,55],"tags":[],"class_list":["post-152080","post","type-post","status-publish","format-standard","hentry","category-actualite","category-tunisie"],"_links":{"self":[{"href":"https:\/\/linitiative.ca\/International\/wp-json\/wp\/v2\/posts\/152080","targetHints":{"allow":["GET"]}}],"collection":[{"href":"https:\/\/linitiative.ca\/International\/wp-json\/wp\/v2\/posts"}],"about":[{"href":"https:\/\/linitiative.ca\/International\/wp-json\/wp\/v2\/types\/post"}],"author":[{"embeddable":true,"href":"https:\/\/linitiative.ca\/International\/wp-json\/wp\/v2\/users\/1789"}],"replies":[{"embeddable":true,"href":"https:\/\/linitiative.ca\/International\/wp-json\/wp\/v2\/comments?post=152080"}],"version-history":[{"count":0,"href":"https:\/\/linitiative.ca\/International\/wp-json\/wp\/v2\/posts\/152080\/revisions"}],"wp:attachment":[{"href":"https:\/\/linitiative.ca\/International\/wp-json\/wp\/v2\/media?parent=152080"}],"wp:term":[{"taxonomy":"category","embeddable":true,"href":"https:\/\/linitiative.ca\/International\/wp-json\/wp\/v2\/categories?post=152080"},{"taxonomy":"post_tag","embeddable":true,"href":"https:\/\/linitiative.ca\/International\/wp-json\/wp\/v2\/tags?post=152080"}],"curies":[{"name":"wp","href":"https:\/\/api.w.org\/{rel}","templated":true}]}}