{"id":152082,"date":"2022-07-08T12:45:01","date_gmt":"2022-07-08T16:45:01","guid":{"rendered":"https:\/\/linitiative.ca\/International\/recherche-scientifique-la-patronne-de-lird-plaide-pour-des-investissements-consequents-au-profit-des-chercheurs\/"},"modified":"2022-07-08T12:45:01","modified_gmt":"2022-07-08T16:45:01","slug":"recherche-scientifique-la-patronne-de-lird-plaide-pour-des-investissements-consequents-au-profit-des-chercheurs","status":"publish","type":"post","link":"https:\/\/linitiative.ca\/International\/recherche-scientifique-la-patronne-de-lird-plaide-pour-des-investissements-consequents-au-profit-des-chercheurs\/","title":{"rendered":"Recherche scientifique\u00a0: la patronne de l\u2019IRD plaide pour des investissements cons\u00e9quents au profit des chercheurs"},"content":{"rendered":"<div>\n<p><strong>Pr\u00e9sente au Burkina Faso pour rencontrer des partenaires de l\u2019Institut de recherche pour le d\u00e9veloppement (IRD) et signer des conventions de collaboration, la pr\u00e9sidente-directrice g\u00e9n\u00e9rale de l\u2019organisme, Val\u00e9rie Verdier a d\u00e9clin\u00e9 face \u00e0 la presse le jeudi 7 juillet 2022, le cadre de partenariat dans lequel intervient l\u2019IRD au Burkina Faso. Elle a aussi plaid\u00e9 pour un \u00ab investissement massif \u00bb des d\u00e9cideurs dans les domaines de la recherche.<\/strong><\/p>\n<p>En 2024, l\u2019Institut de recherche pour le d\u00e9veloppement (IRD) aura 75 ans d\u2019existence au Burkina Faso dans la recherche scientifique et la formation. Arriv\u00e9e dans le cadre d\u2019un d\u00e9placement qui pr\u00e9voit des rencontres avec des institutions partenaires et des signatures d\u2019accords de collaboration, la Pr\u00e9sidente-directrice g\u00e9n\u00e9rale de l\u2019IRD, Val\u00e9rie Verdier a dress\u00e9 un bilan positif de cette longue pr\u00e9sence de l\u2019organisme, face \u00e0 la presse, le 7 juillet 2022.<\/p>\n<p>Les nombreuses publications portant des signatures de chercheurs li\u00e9s \u00e0 l\u2019institut, la co-construction de projets et de dispositifs de recherche avec des partenaires burkinab\u00e8 et le \u00ab tr\u00e8s grand nombre \u00bb de doctorants form\u00e9s sont autant d\u2019arguments que Val\u00e9rie Verdier met \u00e0 l\u2019actif de l\u2019IRD. Elle s\u2019est d\u2019ailleurs particuli\u00e8rement enthousiasm\u00e9e de constater la promotion d\u2019anciens doctorants de l\u2019organisme \u00e0 des postes de responsabilit\u00e9 \u00e0 l\u2019\u00e9chelle nationale.<\/p>\n<p>\u00ab Le bilan tient en un mot. C\u2019est la confiance, c\u2019est le respect mutuel. C\u2019est toute la confiance que nous accordent les autorit\u00e9s burkinab\u00e8, les institutions acad\u00e9miques, les institutions de recherche. La confiance dans la mani\u00e8re dont nous travaillons ensemble, qui n\u2018est pas forc\u00e9ment le mode de collaboration utilis\u00e9 par tout le monde\u2026 \u00bb, a-t-elle expliqu\u00e9.<\/p>\n<p>A propos des axes d\u2019intervention de l\u2019IRD au Burkina, il est ressorti que l\u2019institut travaille sur une diversit\u00e9 de th\u00e9matiques de recherche : sant\u00e9 (maladies \u00e0 vecteur), nutrition, questions de soci\u00e9t\u00e9 (dynamiques familiales, religions, mobilit\u00e9s), eau, gestions des ressources naturelles, maladies des plantes (phytopatologie, agroforesterie), etc.<\/p>\n<p>\u00ab Les recherches que l\u2019IRD m\u00e8nent au Burkina Faso visent \u00e0 accompagner le pays \u00e0 pouvoir r\u00e9pondre aux d\u00e9fis auxquels il fait face, notamment en termes d\u00e9mographiques, climatiques, alimentaires et s\u00e9curitaires en \u00e9troite partenariat avec les universit\u00e9s, le CNRST, ainsi que les partenaires fran\u00e7ais, africains et internationaux\u2026 \u00bb, a pr\u00e9cis\u00e9 la patronne de l\u2019IRD. En clair, a-t-elle indiqu\u00e9, ces projets doivent aboutir \u00e0 mieux conseiller les d\u00e9cideurs politiques sur les meilleures actions qu\u2019ils doivent prendre au b\u00e9n\u00e9fice des populations.<\/p>\n<p>A titre d\u2019exemple, le repr\u00e9sentant de l\u2019IRD au Burkina Faso, Fabrice Courtin a expliqu\u00e9 qu\u2019un g\u00e9ographe a men\u00e9 des recherches pour identifier et faire la cartographie des facteurs qui rentrent dans l\u2019explication des accidents de la route et le co\u00fbt que ces accidents ont pour la soci\u00e9t\u00e9. \u00ab Ses recherches ont fait l\u2019objet de notes \u00e0 l\u2019attention des d\u00e9cideurs avec des recommandations pour mettre en place des actions en vue de diminuer l\u2019impact et la fr\u00e9quence des accidents de la route \u00bb, a-t-il confi\u00e9.<\/p>\n<p>C\u2019est pourquoi, Val\u00e9rie Verdier interpelle les d\u00e9cideurs politiques \u00e0 attribuer des moyens cons\u00e9quents au domaine de la recherche. \u00ab Il faut que nos gouvernements respectifs se rendent bien compte que sans moyen pour la recherche on ne pourra pas avancer aussi vite dans la connaissance. Il faut un investissement massif dans la recherche, il faut des recrutements de chercheurs \u00bb, a-t-elle martel\u00e9.<\/p>\n<p>Plus singuli\u00e8rement, la recherche au Burkina Faso est confront\u00e9e en plus \u00e0 un probl\u00e8me d\u2019accessibilit\u00e9 des terrains, cons\u00e9quence de la crise s\u00e9curitaire.<\/p>\n<p>Dans le cadre de son d\u00e9placement, Val\u00e9rie Verdier doit rencontrer notamment le ministre en charge de l\u2019Enseignement sup\u00e9rieur et de la Recherche, les responsables d\u2019universit\u00e9s avec lesquels des accords-cadres seront renouvel\u00e9s, des instituts de recherches et des chercheurs burkinab\u00e8.<\/p>\n<p><strong>Fab\u00e9 Mamadou OUATTARA<\/strong><\/p>\n<p><strong>Sidwaya.info<\/strong><\/p>\n<p>\u00a0<\/p>\n<p>\u00a0<\/p>\n<\/div>\n<p>Auteur: Wamini SIDWAYA<br \/>\n<a href=\"https:\/\/www.sidwaya.info\/blog\/2022\/07\/08\/recherche-scientifique-la-patronne-de-lird-plaide-pour-des-investissements-consequents-au-profit-des-chercheurs\/\">Cliquez ici pour lire l&rsquo;article depuis sa source.<\/a><\/p>\n","protected":false},"excerpt":{"rendered":"<p>Pr\u00e9sente au Burkina Faso pour rencontrer des partenaires de l\u2019Institut de recherche pour le d\u00e9veloppement (IRD) et signer des conventions de collaboration, la pr\u00e9sidente-directrice g\u00e9n\u00e9rale de l\u2019organisme, Val\u00e9rie Verdier a d\u00e9clin\u00e9 face \u00e0 la presse le jeudi 7 juillet 2022, le cadre de partenariat dans lequel intervient l\u2019IRD au Burkina Faso. Elle a aussi plaid\u00e9 [&hellip;]<\/p>\n","protected":false},"author":1816,"featured_media":0,"comment_status":"closed","ping_status":"closed","sticky":false,"template":"","format":"standard","meta":{"fifu_image_url":"","fifu_image_alt":"","footnotes":""},"categories":[73,81],"tags":[],"class_list":["post-152082","post","type-post","status-publish","format-standard","hentry","category-actualite","category-burkina-faso"],"_links":{"self":[{"href":"https:\/\/linitiative.ca\/International\/wp-json\/wp\/v2\/posts\/152082","targetHints":{"allow":["GET"]}}],"collection":[{"href":"https:\/\/linitiative.ca\/International\/wp-json\/wp\/v2\/posts"}],"about":[{"href":"https:\/\/linitiative.ca\/International\/wp-json\/wp\/v2\/types\/post"}],"author":[{"embeddable":true,"href":"https:\/\/linitiative.ca\/International\/wp-json\/wp\/v2\/users\/1816"}],"replies":[{"embeddable":true,"href":"https:\/\/linitiative.ca\/International\/wp-json\/wp\/v2\/comments?post=152082"}],"version-history":[{"count":0,"href":"https:\/\/linitiative.ca\/International\/wp-json\/wp\/v2\/posts\/152082\/revisions"}],"wp:attachment":[{"href":"https:\/\/linitiative.ca\/International\/wp-json\/wp\/v2\/media?parent=152082"}],"wp:term":[{"taxonomy":"category","embeddable":true,"href":"https:\/\/linitiative.ca\/International\/wp-json\/wp\/v2\/categories?post=152082"},{"taxonomy":"post_tag","embeddable":true,"href":"https:\/\/linitiative.ca\/International\/wp-json\/wp\/v2\/tags?post=152082"}],"curies":[{"name":"wp","href":"https:\/\/api.w.org\/{rel}","templated":true}]}}