{"id":152083,"date":"2022-07-08T12:57:37","date_gmt":"2022-07-08T16:57:37","guid":{"rendered":"https:\/\/linitiative.ca\/International\/rencontre-damiba-anciens-chefs-detaten-tant-quancien-chef-detat-je-suis-soucieux-de-la-situation-du-pays-a-dit-roch-kabore\/"},"modified":"2022-07-08T12:57:37","modified_gmt":"2022-07-08T16:57:37","slug":"rencontre-damiba-anciens-chefs-detaten-tant-quancien-chef-detat-je-suis-soucieux-de-la-situation-du-pays-a-dit-roch-kabore","status":"publish","type":"post","link":"https:\/\/linitiative.ca\/International\/rencontre-damiba-anciens-chefs-detaten-tant-quancien-chef-detat-je-suis-soucieux-de-la-situation-du-pays-a-dit-roch-kabore\/","title":{"rendered":"Rencontre Damiba\/Anciens chefs d\u2019Etat:(En tant qu\u2019ancien chef d\u2019Etat, je suis soucieux de la situation du pays), a dit Roch Kabor\u00e9"},"content":{"rendered":"<div>\n<p>L\u2019ancien Pr\u00e9sident du Faso, Roch Marc Christian Kabor\u00e9 n\u2019a pas pu participer \u00e0 la rencontre des anciens chefs d\u2019Etat avec le pr\u00e9sident Paul Henri Sandaogo Damiba. Il a \u00e9t\u00e9 emp\u00each\u00e9 de se rendre \u00e0 Kosyam par un groupe de manifestant. Mais il a rencontr\u00e9 la presse \u00e0 son domicile.<\/p>\n<p>Pour lui, l\u2019initiative \u00e0 la base est louable puisqu\u2019 il s\u2019agit d\u2019interpeller les anciens Chefs d\u2019Etats sur la situation nationale. Cependant, le probl\u00e8me qui s\u2019est pos\u00e9, selon lui, a \u00e9t\u00e9 \u00e9galement le fait des questions judiciaires.<\/p>\n<p>Il a aussi expliqu\u00e9 que cette rencontre avait pour objectif de recueillir les propositions des anciens Chefs d\u2019Etat pour une sortie de crise s\u00e9curitaire au Burkina-Faso et non pour une r\u00e9conciliation nationale.<\/p>\n<p>\u00ab Face \u00e0 la pol\u00e9mique sur la condamnation de Blaise Compaor\u00e9, je me suis retrouv\u00e9 sur une situation ou devant ma porte des gens se sont mobilis\u00e9s pour m\u2019emp\u00eacher d\u2019y aller. C\u2019est pour cela que je n\u2019ai pas particip\u00e9 ce matin \u00e0 la r\u00e9union. Nous nous sommes entretenus au fur et \u00e0 mesure de l\u2019\u00e9volution de la situation avec le Pr\u00e9sident Damiba. Ce qui nous a pos\u00e9 comme difficult\u00e9s, ce sont les questions judiciaires \u00bb a indique Roch Kabor\u00e9.<\/p>\n<p>Il a affirm\u00e9 qu\u2019en tant qu\u2019ancien chef d\u2019Etat, il est soucieux de la situation de son pays et est engag\u00e9 \u00e0 apporter sa contribution et \u00e0 aider \u00e0 ce que le pays puisse sortir de l\u2019ensemble de ses difficult\u00e9s<\/p>\n<p>Sidwaya.info<\/p>\n<\/div>\n<p>Auteur: BS. Sidwaya<br \/>\n<a href=\"https:\/\/www.sidwaya.info\/blog\/2022\/07\/08\/rencontre-damiba-anciens-chefs-detaten-tant-quancien-chef-detat-je-suis-soucieux-de-la-situation-du-pays-a-dit-roch-kabore\/\">Cliquez ici pour lire l&rsquo;article depuis sa source.<\/a><\/p>\n","protected":false},"excerpt":{"rendered":"<p>L\u2019ancien Pr\u00e9sident du Faso, Roch Marc Christian Kabor\u00e9 n\u2019a pas pu participer \u00e0 la rencontre des anciens chefs d\u2019Etat avec le pr\u00e9sident Paul Henri Sandaogo Damiba. Il a \u00e9t\u00e9 emp\u00each\u00e9 de se rendre \u00e0 Kosyam par un groupe de manifestant. Mais il a rencontr\u00e9 la presse \u00e0 son domicile. Pour lui, l\u2019initiative \u00e0 la base [&hellip;]<\/p>\n","protected":false},"author":1816,"featured_media":0,"comment_status":"closed","ping_status":"closed","sticky":false,"template":"","format":"standard","meta":{"fifu_image_url":"","fifu_image_alt":"","footnotes":""},"categories":[73,81],"tags":[],"class_list":["post-152083","post","type-post","status-publish","format-standard","hentry","category-actualite","category-burkina-faso"],"_links":{"self":[{"href":"https:\/\/linitiative.ca\/International\/wp-json\/wp\/v2\/posts\/152083","targetHints":{"allow":["GET"]}}],"collection":[{"href":"https:\/\/linitiative.ca\/International\/wp-json\/wp\/v2\/posts"}],"about":[{"href":"https:\/\/linitiative.ca\/International\/wp-json\/wp\/v2\/types\/post"}],"author":[{"embeddable":true,"href":"https:\/\/linitiative.ca\/International\/wp-json\/wp\/v2\/users\/1816"}],"replies":[{"embeddable":true,"href":"https:\/\/linitiative.ca\/International\/wp-json\/wp\/v2\/comments?post=152083"}],"version-history":[{"count":0,"href":"https:\/\/linitiative.ca\/International\/wp-json\/wp\/v2\/posts\/152083\/revisions"}],"wp:attachment":[{"href":"https:\/\/linitiative.ca\/International\/wp-json\/wp\/v2\/media?parent=152083"}],"wp:term":[{"taxonomy":"category","embeddable":true,"href":"https:\/\/linitiative.ca\/International\/wp-json\/wp\/v2\/categories?post=152083"},{"taxonomy":"post_tag","embeddable":true,"href":"https:\/\/linitiative.ca\/International\/wp-json\/wp\/v2\/tags?post=152083"}],"curies":[{"name":"wp","href":"https:\/\/api.w.org\/{rel}","templated":true}]}}