{"id":152085,"date":"2022-07-08T13:44:51","date_gmt":"2022-07-08T17:44:51","guid":{"rendered":"https:\/\/linitiative.ca\/International\/armee-273-militaires-retraites-officiellement-rappeles\/"},"modified":"2022-07-08T13:44:51","modified_gmt":"2022-07-08T17:44:51","slug":"armee-273-militaires-retraites-officiellement-rappeles","status":"publish","type":"post","link":"https:\/\/linitiative.ca\/International\/armee-273-militaires-retraites-officiellement-rappeles\/","title":{"rendered":"\u00a0\u00a0 Arm\u00e9e : 273 militaires retrait\u00e9s officiellement rappel\u00e9s"},"content":{"rendered":"<div>\n<p><strong>\u00a0<\/strong>Pour \u00e9touffer les rangs de l\u2019arm\u00e9e dans la lutte contre le terrorisme au Burkina Faso, le pr\u00e9sident du Faso, Paul Henri Sandaogo Damiba, avait d\u00e9cid\u00e9 de rappeler \u00a0des sous-officiers et des militaires du rang retrait\u00e9s. 273 militaires retrait\u00e9s ont \u00e9t\u00e9 rappel\u00e9s et \u00a0officiellement pr\u00e9sent\u00e9s, \u00a0ce vendredi 8 juillet 2022, au cours d\u2019une c\u00e9r\u00e9monie au Camp Guillaume Ou\u00e9draogo.<\/p>\n<p><strong>Sidwaya.info<\/strong><\/p>\n<\/div>\n<p>Auteur: Wamini SIDWAYA<br \/>\n<a href=\"https:\/\/www.sidwaya.info\/blog\/2022\/07\/08\/armee-273-militaires-retraites-officiellement-rappeles\/\">Cliquez ici pour lire l&rsquo;article depuis sa source.<\/a><\/p>\n","protected":false},"excerpt":{"rendered":"<p>\u00a0Pour \u00e9touffer les rangs de l\u2019arm\u00e9e dans la lutte contre le terrorisme au Burkina Faso, le pr\u00e9sident du Faso, Paul Henri Sandaogo Damiba, avait d\u00e9cid\u00e9 de rappeler \u00a0des sous-officiers et des militaires du rang retrait\u00e9s. 273 militaires retrait\u00e9s ont \u00e9t\u00e9 rappel\u00e9s et \u00a0officiellement pr\u00e9sent\u00e9s, \u00a0ce vendredi 8 juillet 2022, au cours d\u2019une c\u00e9r\u00e9monie au Camp [&hellip;]<\/p>\n","protected":false},"author":1816,"featured_media":0,"comment_status":"closed","ping_status":"closed","sticky":false,"template":"","format":"standard","meta":{"fifu_image_url":"","fifu_image_alt":"","footnotes":""},"categories":[73,81],"tags":[],"class_list":["post-152085","post","type-post","status-publish","format-standard","hentry","category-actualite","category-burkina-faso"],"_links":{"self":[{"href":"https:\/\/linitiative.ca\/International\/wp-json\/wp\/v2\/posts\/152085","targetHints":{"allow":["GET"]}}],"collection":[{"href":"https:\/\/linitiative.ca\/International\/wp-json\/wp\/v2\/posts"}],"about":[{"href":"https:\/\/linitiative.ca\/International\/wp-json\/wp\/v2\/types\/post"}],"author":[{"embeddable":true,"href":"https:\/\/linitiative.ca\/International\/wp-json\/wp\/v2\/users\/1816"}],"replies":[{"embeddable":true,"href":"https:\/\/linitiative.ca\/International\/wp-json\/wp\/v2\/comments?post=152085"}],"version-history":[{"count":0,"href":"https:\/\/linitiative.ca\/International\/wp-json\/wp\/v2\/posts\/152085\/revisions"}],"wp:attachment":[{"href":"https:\/\/linitiative.ca\/International\/wp-json\/wp\/v2\/media?parent=152085"}],"wp:term":[{"taxonomy":"category","embeddable":true,"href":"https:\/\/linitiative.ca\/International\/wp-json\/wp\/v2\/categories?post=152085"},{"taxonomy":"post_tag","embeddable":true,"href":"https:\/\/linitiative.ca\/International\/wp-json\/wp\/v2\/tags?post=152085"}],"curies":[{"name":"wp","href":"https:\/\/api.w.org\/{rel}","templated":true}]}}