{"id":152086,"date":"2022-07-08T13:49:23","date_gmt":"2022-07-08T17:49:23","guid":{"rendered":"https:\/\/linitiative.ca\/International\/angola-lex-president-jose-eduardo-dos-santos-est-decede-dans-une-clinique-en-espagne\/"},"modified":"2022-07-08T13:49:23","modified_gmt":"2022-07-08T17:49:23","slug":"angola-lex-president-jose-eduardo-dos-santos-est-decede-dans-une-clinique-en-espagne","status":"publish","type":"post","link":"https:\/\/linitiative.ca\/International\/angola-lex-president-jose-eduardo-dos-santos-est-decede-dans-une-clinique-en-espagne\/","title":{"rendered":"Angola : l\u2019ex-pr\u00e9sident Jose Eduardo Dos Santos est d\u00e9c\u00e9d\u00e9 dans une clinique en Espagne"},"content":{"rendered":"<div>\n<p>Longtemps fragilis\u00e9 par la maladie, l\u2019ancien pr\u00e9sident angolais Jose Eduardo dos Santos est d\u00e9c\u00e9d\u00e9, selon le gouvernement, ce vendredi 08 juillet\u00a0 dans une clinique de Barcelone \u00e0 l\u2019\u00e2ge de 79 ans. Un deuil national de cinq jours a \u00e9t\u00e9 d\u00e9cid\u00e9 \u00e0 partir de samedi pour honorer la m\u00e9moire de celui qui a dirig\u00e9 l\u2019Angola pendant 38 ans.<\/p>\n<p>Surnomm\u00e9 <em>\u00ab Zedu \u00bb<\/em> par les Angolais, Jos\u00e9 Eduardo dos Santos \u00e9tait fils de ma\u00e7on. A 19 ans, il s\u2019est engag\u00e9 dans le Mouvement populaire de lib\u00e9ration de l\u2019Angola (MPLA) \u00a0pour combattre les colons portugais. \u00c0 l\u2019ind\u00e9pendance, en 1975, \u00ab Zedu \u00bb si\u00e8ge d\u00e9j\u00e0 au comit\u00e9 central du MPLA.<\/p>\n<p>Puis int\u00e8gre le gouvernement, devient Premier ministre et enfin pr\u00e9sident en 1979, \u00e0 la mort d\u2019Agostinho Neto. Fin strat\u00e8ge, <em>\u00ab Zedu \u00bb<\/em> conservera, sans jamais \u00eatre \u00e9lu, les r\u00eanes du pouvoir pendant presque quatre d\u00e9cennies.<\/p>\n<p><strong>AK<\/strong><\/p>\n<p><strong>\u00a0<\/strong><strong>Source\u00a0: rfi<\/strong><\/p>\n<p>\u00a0<\/p>\n<\/div>\n<p>Auteur: Wamini SIDWAYA<br \/>\n<a href=\"https:\/\/www.sidwaya.info\/blog\/2022\/07\/08\/angola-lex-president-jose-eduardo-dos-santos-est-decede-dans-une-clinique-en-espagne\/\">Cliquez ici pour lire l&rsquo;article depuis sa source.<\/a><\/p>\n","protected":false},"excerpt":{"rendered":"<p>Longtemps fragilis\u00e9 par la maladie, l\u2019ancien pr\u00e9sident angolais Jose Eduardo dos Santos est d\u00e9c\u00e9d\u00e9, selon le gouvernement, ce vendredi 08 juillet\u00a0 dans une clinique de Barcelone \u00e0 l\u2019\u00e2ge de 79 ans. Un deuil national de cinq jours a \u00e9t\u00e9 d\u00e9cid\u00e9 \u00e0 partir de samedi pour honorer la m\u00e9moire de celui qui a dirig\u00e9 l\u2019Angola pendant [&hellip;]<\/p>\n","protected":false},"author":1816,"featured_media":0,"comment_status":"closed","ping_status":"closed","sticky":false,"template":"","format":"standard","meta":{"fifu_image_url":"","fifu_image_alt":"","footnotes":""},"categories":[73,81],"tags":[],"class_list":["post-152086","post","type-post","status-publish","format-standard","hentry","category-actualite","category-burkina-faso"],"_links":{"self":[{"href":"https:\/\/linitiative.ca\/International\/wp-json\/wp\/v2\/posts\/152086","targetHints":{"allow":["GET"]}}],"collection":[{"href":"https:\/\/linitiative.ca\/International\/wp-json\/wp\/v2\/posts"}],"about":[{"href":"https:\/\/linitiative.ca\/International\/wp-json\/wp\/v2\/types\/post"}],"author":[{"embeddable":true,"href":"https:\/\/linitiative.ca\/International\/wp-json\/wp\/v2\/users\/1816"}],"replies":[{"embeddable":true,"href":"https:\/\/linitiative.ca\/International\/wp-json\/wp\/v2\/comments?post=152086"}],"version-history":[{"count":0,"href":"https:\/\/linitiative.ca\/International\/wp-json\/wp\/v2\/posts\/152086\/revisions"}],"wp:attachment":[{"href":"https:\/\/linitiative.ca\/International\/wp-json\/wp\/v2\/media?parent=152086"}],"wp:term":[{"taxonomy":"category","embeddable":true,"href":"https:\/\/linitiative.ca\/International\/wp-json\/wp\/v2\/categories?post=152086"},{"taxonomy":"post_tag","embeddable":true,"href":"https:\/\/linitiative.ca\/International\/wp-json\/wp\/v2\/tags?post=152086"}],"curies":[{"name":"wp","href":"https:\/\/api.w.org\/{rel}","templated":true}]}}