{"id":152087,"date":"2022-07-08T13:18:04","date_gmt":"2022-07-08T17:18:04","guid":{"rendered":"https:\/\/linitiative.ca\/International\/les-pelerins-prient-sur-le-mont-arafat-point-culminant-du-hajj\/"},"modified":"2022-07-08T13:18:04","modified_gmt":"2022-07-08T17:18:04","slug":"les-pelerins-prient-sur-le-mont-arafat-point-culminant-du-hajj","status":"publish","type":"post","link":"https:\/\/linitiative.ca\/International\/les-pelerins-prient-sur-le-mont-arafat-point-culminant-du-hajj\/","title":{"rendered":"Les p\u00e8lerins prient sur le mont Arafat, point culminant du hajj"},"content":{"rendered":"<div>\n<p><img decoding=\"async\" width=\"1563\" height=\"934\" src=\"https:\/\/linitiative.ca\/International\/wp-content\/uploads\/sites\/23\/2022\/07\/16573006854667.jpg\" class=\"attachment-post-thumbnail size-post-thumbnail wp-post-image\" alt=\"\" loading=\"lazy\" srcset=\"https:\/\/linitiative.ca\/International\/wp-content\/uploads\/sites\/23\/2022\/07\/16573006854667.jpg 1563w, https:\/\/www.journalducameroun.com\/wp-content\/uploads\/2022\/07\/16573006854667-300x179.jpg 300w, https:\/\/www.journalducameroun.com\/wp-content\/uploads\/2022\/07\/16573006854667-1024x612.jpg 1024w, https:\/\/www.journalducameroun.com\/wp-content\/uploads\/2022\/07\/16573006854667-768x459.jpg 768w, https:\/\/www.journalducameroun.com\/wp-content\/uploads\/2022\/07\/16573006854667-1536x918.jpg 1536w, https:\/\/www.journalducameroun.com\/wp-content\/uploads\/2022\/07\/16573006854667-736x440.jpg 736w, https:\/\/www.journalducameroun.com\/wp-content\/uploads\/2022\/07\/16573006854667-600x359.jpg 600w\" sizes=\"auto, (max-width: 1563px) 100vw, 1563px\"><\/p>\n<p>Des centaines de milliers de musulmans ont pri\u00e9 vendredi sur le mont Arafat, en Arabie saoudite, point culminant du hajj qui r\u00e9unit le plus grand nombre de p\u00e8lerins depuis l&rsquo;apparition de la pand\u00e9mie de Covid-19.Les fid\u00e8les ont converg\u00e9 depuis la vall\u00e9e de Mina vers le Jabal al-Rahma (mont de la Mis\u00e9ricorde). Des milliers d&rsquo;entre eux se sont ensuite retrouv\u00e9s \u00e0 la mosqu\u00e9e de Namirah, \u00e0 proximit\u00e9, pour la pri\u00e8re de midi.<\/p>\n<p>Durant les deux ann\u00e9es de pand\u00e9mie, les autorit\u00e9s saoudiennes n&rsquo;ont autoris\u00e9 que quelques milliers d&rsquo;habitants du royaume \u00e0 effectuer le p\u00e8lerinage, contre 2,5 millions de musulmans du monde entier en 2019.<\/p>\n<p>Cette ann\u00e9e, un million de fid\u00e8les, dont 850.000 \u00e9trangers tir\u00e9s au sort, ont \u00e9t\u00e9 accueillis \u00e0 La Mecque et M\u00e9dine, les premiers lieux saints de l&rsquo;islam dans l&rsquo;ouest du royaume, \u00e0 condition d&rsquo;\u00eatre vaccin\u00e9s et de pr\u00e9senter un test PCR n\u00e9gatif.<\/p>\n<p>Le p\u00e8lerinage ou le hajj est parmi les cinq piliers de l&rsquo;Islam qui rassemble toutes les races et les nationalit\u00e9s du monde entier sur un seul niveau. Ici, il n&rsquo;y a aucune diff\u00e9rence entre le noir et le blanc, tous dans une seule tenue, et l&rsquo;invocation est la m\u00eame.<\/p>\n<p>Les messages ext\u00e9rieurs et int\u00e9rieurs du Hajj se rassemblent le jour d&rsquo;Arafat, car c&rsquo;est le jour de la supplication, et le jour d&rsquo;affranchissement du feu, les mains ici sont dans une seule direction, le ciel pour demander le pardon et solliciter la mis\u00e9ricorde et la large magnanimit\u00e9 de Dieu.<\/p>\n<p>Apr\u00e8s le coucher du soleil, les p\u00e8lerins musulmans se rendent \u00e0 Muzdalifah, arrivant parfois la nuit en raison de la surpopulation. Apr\u00e8s leur arriv\u00e9e \u00e0 Muzdalifah, les p\u00e8lerins prient le Maghreb et Al-Ichaa conjointement. A Muzdalifah, les p\u00e8lerins ramassent des cailloux pour la lapidation du diable.<\/p>\n<p>Le Hajj dans le contexte du Covid-19<\/p>\n<p>L&rsquo;\u00e9poque des mesures draconiennes li\u00e9es au Covid-19 est r\u00e9volue, mais une certaine peur de la pand\u00e9mie est toujours dans l&rsquo;\u00e2me. Les autorit\u00e9s saoudiennes ont exig\u00e9 que les p\u00e8lerins soient vaccin\u00e9s contre la pand\u00e9mie, ainsi qu&rsquo;un test PCR.<\/p>\n<p>Selon le porte-parole du minist\u00e8re saoudien de la Sant\u00e9, les p\u00e8lerins sont indemnes de toute maladie ou \u00e9pid\u00e9mie mena\u00e7ant la sant\u00e9 publique, faisant savoir que l&rsquo;Arabie saoudite a mis en place cette ann\u00e9e plus de 4000 h\u00f4pitaux pour servir les p\u00e8lerins.<\/p>\n<p>Sur un autre registre, les autorit\u00e9s saoudiennes oeuvrent pour la concr\u00e9tisation d&rsquo;un projet de num\u00e9risation du Hajj, dont les points les plus en vue sur le terrain jusqu&rsquo;\u00e0 pr\u00e9sent, l&rsquo;ambassade \u00e9lectronique et la pierre noire virtuelle.<\/p>\n<p>Cet article <a rel=\"nofollow\" href=\"https:\/\/www.journalducameroun.com\/les-pelerins-prient-sur-le-mont-arafat-point-culminant-du-hajj\/\">Les p\u00e8lerins prient sur le mont Arafat, point culminant du hajj<\/a> est apparu en premier sur <a rel=\"nofollow\" href=\"https:\/\/www.journalducameroun.com\/\">Journal du Cameroun<\/a>.<\/p>\n<\/div>\n<p>Auteur: APA News<br \/>\n<a href=\"https:\/\/www.journalducameroun.com\/les-pelerins-prient-sur-le-mont-arafat-point-culminant-du-hajj\/\">Cliquez ici pour lire l&rsquo;article depuis sa source.<\/a><\/p>\n","protected":false},"excerpt":{"rendered":"<p>Des centaines de milliers de musulmans ont pri\u00e9 vendredi sur le mont Arafat, en Arabie saoudite, point culminant du hajj qui r\u00e9unit le plus grand nombre de p\u00e8lerins depuis l&rsquo;apparition de la pand\u00e9mie de Covid-19.Les fid\u00e8les ont converg\u00e9 depuis la vall\u00e9e de Mina vers le Jabal al-Rahma (mont de la Mis\u00e9ricorde). Des milliers d&rsquo;entre eux [&hellip;]<\/p>\n","protected":false},"author":1965,"featured_media":0,"comment_status":"closed","ping_status":"closed","sticky":false,"template":"","format":"standard","meta":{"fifu_image_url":"https:\/\/www.journalducameroun.com\/wp-content\/uploads\/2022\/07\/16573006854667.jpg","fifu_image_alt":"Les p\u00e8lerins prient sur le mont Arafat, point culminant du hajj","footnotes":""},"categories":[73,82],"tags":[],"class_list":["post-152087","post","type-post","status-publish","format-standard","hentry","category-actualite","category-cameroun"],"_links":{"self":[{"href":"https:\/\/linitiative.ca\/International\/wp-json\/wp\/v2\/posts\/152087","targetHints":{"allow":["GET"]}}],"collection":[{"href":"https:\/\/linitiative.ca\/International\/wp-json\/wp\/v2\/posts"}],"about":[{"href":"https:\/\/linitiative.ca\/International\/wp-json\/wp\/v2\/types\/post"}],"author":[{"embeddable":true,"href":"https:\/\/linitiative.ca\/International\/wp-json\/wp\/v2\/users\/1965"}],"replies":[{"embeddable":true,"href":"https:\/\/linitiative.ca\/International\/wp-json\/wp\/v2\/comments?post=152087"}],"version-history":[{"count":0,"href":"https:\/\/linitiative.ca\/International\/wp-json\/wp\/v2\/posts\/152087\/revisions"}],"wp:attachment":[{"href":"https:\/\/linitiative.ca\/International\/wp-json\/wp\/v2\/media?parent=152087"}],"wp:term":[{"taxonomy":"category","embeddable":true,"href":"https:\/\/linitiative.ca\/International\/wp-json\/wp\/v2\/categories?post=152087"},{"taxonomy":"post_tag","embeddable":true,"href":"https:\/\/linitiative.ca\/International\/wp-json\/wp\/v2\/tags?post=152087"}],"curies":[{"name":"wp","href":"https:\/\/api.w.org\/{rel}","templated":true}]}}