{"id":152089,"date":"2022-07-08T13:18:04","date_gmt":"2022-07-08T17:18:04","guid":{"rendered":"https:\/\/linitiative.ca\/International\/lancement-du-visa-electronique-evisa\/"},"modified":"2022-07-08T13:18:04","modified_gmt":"2022-07-08T17:18:04","slug":"lancement-du-visa-electronique-evisa","status":"publish","type":"post","link":"https:\/\/linitiative.ca\/International\/lancement-du-visa-electronique-evisa\/","title":{"rendered":"Lancement du visa \u00e9lectronique \u00ab eVisa \u00bb"},"content":{"rendered":"<div>\n<p><img decoding=\"async\" width=\"1024\" height=\"525\" src=\"https:\/\/linitiative.ca\/International\/wp-content\/uploads\/sites\/23\/2022\/07\/16573006841882.jpg\" class=\"attachment-post-thumbnail size-post-thumbnail wp-post-image\" alt=\"\" loading=\"lazy\" srcset=\"https:\/\/linitiative.ca\/International\/wp-content\/uploads\/sites\/23\/2022\/07\/16573006841882.jpg 1024w, https:\/\/www.journalducameroun.com\/wp-content\/uploads\/2022\/07\/16573006841882-300x154.jpg 300w, https:\/\/www.journalducameroun.com\/wp-content\/uploads\/2022\/07\/16573006841882-768x394.jpg 768w, https:\/\/www.journalducameroun.com\/wp-content\/uploads\/2022\/07\/16573006841882-858x440.jpg 858w, https:\/\/www.journalducameroun.com\/wp-content\/uploads\/2022\/07\/16573006841882-600x308.jpg 600w\" sizes=\"auto, (max-width: 1024px) 100vw, 1024px\"><\/p>\n<p>Le Maroc lance, \u00e0 compter du 10 juillet 2022, la proc\u00e9dure d&rsquo;octroi du visa \u00e9lectronique \u00ab eVisa \u00bb via la plateforme www.acces-maroc.ma, pour faciliter l&rsquo;octroi de visa aux ressortissants \u00e9trangers soumis \u00e0 cette formalit\u00e9.Cette nouvelle mesure vise l&rsquo;am\u00e9lioration, la simplification et la modernisation des prestations consulaires. Elle s&rsquo;inscrit dans la continuit\u00e9 des efforts consentis par le Maroc, aussi bien au niveau national qu&rsquo;international, pour la digitalisation des prestations fournies par l&rsquo;administration publique, indique vendredi un communiqu\u00e9 du minist\u00e8re marocain des Affaires \u00e9trang\u00e8res.<\/p>\n<p>Elle consacre la modernisation du travail consulaire au niveau des Missions Diplomatiques et Postes consulaires du Royaume, telle que pr\u00e9conis\u00e9e par la strat\u00e9gie du Minist\u00e8re concernant la r\u00e9forme de ce domaine. Le visa \u00e9lectronique est une autorisation unipersonnelle, dont la validit\u00e9 est de 180 jours maximum, \u00e0 compter de sa date d&rsquo;\u00e9mission. Il permettra l&rsquo;acc\u00e8s au territoire marocain pour un s\u00e9jour de 30 jours maximum. T<\/p>\n<p>Trois cat\u00e9gories de ressortissants \u00e9trangers b\u00e9n\u00e9ficieront du \u00ab eVisa \u00bb \u00e0 savoir les ressortissants de certains pays, dont la liste est d\u00e9finie par les autorit\u00e9s marocaines comp\u00e9tentes (Tha\u00eflande et Isra\u00ebl comme premi\u00e8re \u00e9tape), les ressortissants \u00e9trangers disposant d&rsquo;un titre de r\u00e9sidence ou de s\u00e9jour valide au moins 180 jours \u00e0 la date de d\u00e9p\u00f4t de la demande du visa \u00e9lectronique et r\u00e9sidant dans l&rsquo;un des pays de l&rsquo;Union Europ\u00e9enne, des Etats-Unis, d&rsquo;Australie, du Canada, du Royaume-Uni, du Japon, de Norv\u00e8ge, de Nouvelle-Z\u00e9lande et de Suisse ainsi que les ressortissants \u00e9trangers titulaires de l&rsquo;un des visas non \u00e9lectroniques de pays Schengen, des Etats-Unis, d&rsquo;Australie, du Canada, du Royaume-Uni, d&rsquo;Irlande, et de Nouvelle-Z\u00e9lande, \u00e0 entr\u00e9es multiples et valide au moins 90 jours \u00e0 la date de d\u00e9p\u00f4t de la demande du visa \u00e9lectronique.<\/p>\n<p>Les demandes soumises en ligne par les ressortissants concern\u00e9s, via www.acces-maroc.ma, et portant sur les visas \u00ab Tourisme \u00bb ou \u00ab Affaires \u00bb, seront trait\u00e9es dans un d\u00e9lai de 24h (Visa Express) et de 72h (Visa Standard).<\/p>\n<p>Pour le lancement du \u00ab eVisa \u00bb, le minist\u00e8re a \u00e9tabli, en coordination avec les D\u00e9partements concern\u00e9s, un cadre juridique instituant le visa \u00e9lectronique et les moyens d&rsquo;\u00e9change de donn\u00e9es dans ce domaine. Le traitement des demandes de \u00ab eVisa \u00bb, dans les d\u00e9lais arr\u00eat\u00e9s, sera assur\u00e9 par des cadres, form\u00e9s \u00e0 cet effet, via la plateforme www.acces-maroc.ma, d\u00e9velopp\u00e9e par les ing\u00e9nieurs et techniciens de ce D\u00e9partement.<\/p>\n<p>Cet article <a rel=\"nofollow\" href=\"https:\/\/www.journalducameroun.com\/lancement-du-visa-electronique-evisa\/\">Lancement du visa \u00e9lectronique \u00ab eVisa \u00bb<\/a> est apparu en premier sur <a rel=\"nofollow\" href=\"https:\/\/www.journalducameroun.com\/\">Journal du Cameroun<\/a>.<\/p>\n<\/div>\n<p>Auteur: APA News<br \/>\n<a href=\"https:\/\/www.journalducameroun.com\/lancement-du-visa-electronique-evisa\/\">Cliquez ici pour lire l&rsquo;article depuis sa source.<\/a><\/p>\n","protected":false},"excerpt":{"rendered":"<p>Le Maroc lance, \u00e0 compter du 10 juillet 2022, la proc\u00e9dure d&rsquo;octroi du visa \u00e9lectronique \u00ab eVisa \u00bb via la plateforme www.acces-maroc.ma, pour faciliter l&rsquo;octroi de visa aux ressortissants \u00e9trangers soumis \u00e0 cette formalit\u00e9.Cette nouvelle mesure vise l&rsquo;am\u00e9lioration, la simplification et la modernisation des prestations consulaires. Elle s&rsquo;inscrit dans la continuit\u00e9 des efforts consentis par [&hellip;]<\/p>\n","protected":false},"author":1965,"featured_media":0,"comment_status":"closed","ping_status":"closed","sticky":false,"template":"","format":"standard","meta":{"fifu_image_url":"https:\/\/www.journalducameroun.com\/wp-content\/uploads\/2022\/07\/16573006841882.jpg","fifu_image_alt":"Lancement du visa \u00e9lectronique \u00ab eVisa \u00bb","footnotes":""},"categories":[73,82],"tags":[],"class_list":["post-152089","post","type-post","status-publish","format-standard","hentry","category-actualite","category-cameroun"],"_links":{"self":[{"href":"https:\/\/linitiative.ca\/International\/wp-json\/wp\/v2\/posts\/152089","targetHints":{"allow":["GET"]}}],"collection":[{"href":"https:\/\/linitiative.ca\/International\/wp-json\/wp\/v2\/posts"}],"about":[{"href":"https:\/\/linitiative.ca\/International\/wp-json\/wp\/v2\/types\/post"}],"author":[{"embeddable":true,"href":"https:\/\/linitiative.ca\/International\/wp-json\/wp\/v2\/users\/1965"}],"replies":[{"embeddable":true,"href":"https:\/\/linitiative.ca\/International\/wp-json\/wp\/v2\/comments?post=152089"}],"version-history":[{"count":0,"href":"https:\/\/linitiative.ca\/International\/wp-json\/wp\/v2\/posts\/152089\/revisions"}],"wp:attachment":[{"href":"https:\/\/linitiative.ca\/International\/wp-json\/wp\/v2\/media?parent=152089"}],"wp:term":[{"taxonomy":"category","embeddable":true,"href":"https:\/\/linitiative.ca\/International\/wp-json\/wp\/v2\/categories?post=152089"},{"taxonomy":"post_tag","embeddable":true,"href":"https:\/\/linitiative.ca\/International\/wp-json\/wp\/v2\/tags?post=152089"}],"curies":[{"name":"wp","href":"https:\/\/api.w.org\/{rel}","templated":true}]}}