{"id":152091,"date":"2022-07-08T15:18:03","date_gmt":"2022-07-08T19:18:03","guid":{"rendered":"https:\/\/linitiative.ca\/International\/ida-20-macky-sall-plaide-pour-lassouplissement-des-procedures-de-decaissement\/"},"modified":"2022-07-08T15:18:03","modified_gmt":"2022-07-08T19:18:03","slug":"ida-20-macky-sall-plaide-pour-lassouplissement-des-procedures-de-decaissement","status":"publish","type":"post","link":"https:\/\/linitiative.ca\/International\/ida-20-macky-sall-plaide-pour-lassouplissement-des-procedures-de-decaissement\/","title":{"rendered":"Ida-20 : Macky Sall plaide pour l\u2019assouplissement des proc\u00e9dures de d\u00e9caissement"},"content":{"rendered":"<div>\n<p><img decoding=\"async\" width=\"1280\" height=\"686\" src=\"https:\/\/linitiative.ca\/International\/wp-content\/uploads\/sites\/23\/2022\/07\/16573078831508.jpg\" class=\"attachment-post-thumbnail size-post-thumbnail wp-post-image\" alt=\"\" loading=\"lazy\" srcset=\"https:\/\/linitiative.ca\/International\/wp-content\/uploads\/sites\/23\/2022\/07\/16573078831508.jpg 1280w, https:\/\/www.journalducameroun.com\/wp-content\/uploads\/2022\/07\/16573078831508-300x161.jpg 300w, https:\/\/www.journalducameroun.com\/wp-content\/uploads\/2022\/07\/16573078831508-1024x549.jpg 1024w, https:\/\/www.journalducameroun.com\/wp-content\/uploads\/2022\/07\/16573078831508-768x412.jpg 768w, https:\/\/www.journalducameroun.com\/wp-content\/uploads\/2022\/07\/16573078831508-821x440.jpg 821w, https:\/\/www.journalducameroun.com\/wp-content\/uploads\/2022\/07\/16573078831508-600x322.jpg 600w\" sizes=\"auto, (max-width: 1280px) 100vw, 1280px\"><\/p>\n<p>Le pr\u00e9sident en exercice de l&rsquo;Union Africaine (UA) trouve que le continent noir n&rsquo;absorbe pas suffisamment les fonds de l&rsquo;Association internationale de d\u00e9veloppement (Ida, en anglais).\u00c0 quoi sert une reconstitution des fonds si l&rsquo;argent disponible ne parvient pas \u00e0 temps aux b\u00e9n\u00e9ficiaires potentiels ? Une question valable pour l&rsquo;Association internationale de d\u00e9veloppement (Ida, en anglais).<\/p>\n<p>Lors d&rsquo;une r\u00e9union de haut niveau avec des dirigeants africains, tenue hier jeudi \u00e0 Dakar, le pr\u00e9sident s\u00e9n\u00e9galais Macky Sall s&rsquo;est longuement \u00e9panch\u00e9 sur la probl\u00e9matique de la mise \u00e0 disposition des fonds de l&rsquo;Ida.<\/p>\n<p>\u00ab Je voudrais remercier les partenaires pour le succ\u00e8s historique de la reconstitution de l&rsquo;Ida avec un niveau record de 93 milliards de dollars.<br \/>\n\tMais des sommes consid\u00e9rables n&rsquo;ont pas \u00e9t\u00e9 absorb\u00e9es pr\u00e9c\u00e9demment. Parfois les Etats n&rsquo;ont pas les capacit\u00e9s de travailler vite et parfois les proc\u00e9dures pour l&rsquo;utilisation des ressources sont d\u00e9pass\u00e9es \u00bb, a d\u00e9clar\u00e9 le successeur de F\u00e9lix Tshisekedi \u00e0 la t\u00eate de l&rsquo;Union Africaine (UA).<\/p>\n<p>Pour ce dernier, l&rsquo;Afrique et ses partenaires doivent sans tarder r\u00e9fl\u00e9chir \u00ab ensemble \u00e0 des m\u00e9canismes\u00a0\u00bb dans le but de r\u00e9soudre les probl\u00e8mes de d\u00e9caissement. Macky Sall consid\u00e8re qu&rsquo;il y a des projets communs pour lesquels \u00ab des \u00e9tudes \u00e0 n&rsquo;en plus finir \u00bb ne se justifient pas. Car par exemple \u00ab ce qui se fait de mieux au Nigeria peut directement \u00eatre reproduit au S\u00e9n\u00e9gal \u00bb \u00e0 condition de \u00ab mutualiser les exp\u00e9riences dans les diff\u00e9rents pays africains \u00bb.<\/p>\n<p>Au-del\u00e0 de la c\u00e9l\u00e9rit\u00e9 des financements, le pr\u00e9sident s\u00e9n\u00e9galais a beaucoup insist\u00e9 sur \u00ab l&rsquo;urgence d&rsquo;un changement profond dans la mani\u00e8re d&rsquo;utiliser les ressources de l&rsquo;Ida\u00a0\u00bb. En d&rsquo;autres termes, il veut que \u00ab les fonds contribuent \u00e0 soutenir la transformation structurelle de l&rsquo;Afrique \u00e0 travers l&rsquo;ex\u00e9cution de projets et programmes en soutien \u00e0 une relance durable et inclusive\u00a0\u00bb.<\/p>\n<p>Une attente qui colle au th\u00e8me de l&rsquo;Ida-20 : \u00ab Mieux reconstruire apr\u00e8s la crise pour un avenir vert, r\u00e9silient et inclusif \u00bb. Dans ce sens, le pr\u00e9sident en exercice de l&rsquo;UA a soulign\u00e9 la n\u00e9cessit\u00e9 que \u00ab l&rsquo;Ida revienne sur les infrastructures \u00bb. En outre, a-t-il indiqu\u00e9, la cr\u00e9ation d&#8217;emplois surtout pour les jeunes et d&rsquo;activit\u00e9s g\u00e9n\u00e9ratrices de revenus principalement pour les jeunes et les femmes, des segments majoritaires de la population africaine, font partie des priorit\u00e9s.<\/p>\n<p>\u00c0 ce moment de son discours, Macky Sall a affirm\u00e9 que l&rsquo;Afrique a compris qu&rsquo;elle doit changer de paradigme en mati\u00e8re d&rsquo;\u00e9ducation. \u00ab L&rsquo;arriv\u00e9e des jeunes sur le march\u00e9 du travail se fait \u00e0 une cadence insoutenable pour les Etats. Il faut donc trouver des canaux d\u00e9riv\u00e9s pour absorber une bonne partie dans les formations professionnelles. Ce qui leur ouvre la porte \u00e0 l&#8217;emploi. Il faut donner une employabilit\u00e9 \u00e0 cette jeunesse et non pas rester dans les sch\u00e9mas traditionnels post-ind\u00e9pendance o\u00f9 l&rsquo;on forme des \u00e9lites, de grands th\u00e9oriciens, qui ne savent pas faire grand-chose \u00bb, a soutenu le dirigeant s\u00e9n\u00e9galais.<\/p>\n<p>Poursuivant, il a mis l&rsquo;accent sur le renforcement des capacit\u00e9s de r\u00e9ponses aux crises alimentaires et sanitaires puisque les assises de l&rsquo;Ida-20 se sont tenues \u00ab dans un contexte marqu\u00e9 par le double impact de la Covid-19 et de la guerre en Ukraine \u00bb alors que \u00ab les d\u00e9penses li\u00e9es \u00e0 la riposte sanitaire et \u00e0 la r\u00e9silience \u00e9conomique et sociale ont connu une hausse exponentielle\u00a0\u00bb.<\/p>\n<p>L&rsquo;autre d\u00e9fi que l&rsquo;Afrique doit relever, \u00e0 en croire le pr\u00e9sident du S\u00e9n\u00e9gal, c&rsquo;est l&rsquo;exploitation de ses ressources pour une transition \u00e9nerg\u00e9tique juste et \u00e9quitable afin d&rsquo;y assurer l&rsquo;acc\u00e8s universel \u00e0 l&rsquo;\u00e9lectricit\u00e9 et de soutenir l&rsquo;industrialisation d&rsquo;un continent o\u00f9 600 millions de personnes vivent encore sans courant. \u00a0<\/p>\n<p>\u00ab Nous nous battons pour qu&rsquo;il ait une transition \u00e9nerg\u00e9tique juste et \u00e9quitable et pour que le gaz soit frapp\u00e9 du label vert. L&rsquo;Afrique est engag\u00e9e de mani\u00e8re tr\u00e8s forte sur les \u00e9nergies renouvelables, mais dans un pays le seul renouvelable ne saurait assurer le d\u00e9veloppement. Il nous faut alors une \u00e9nergie de base\u00a0\u00bb, a fait savoir Macky Sall. Et selon lui, \u00ab elle ne peut venir actuellement que du fossile, du nucl\u00e9aire ou du gaz \u00bb comme dans le reste du monde.<\/p>\n<p>Concluant son propos, le chef de l&rsquo;Etat s\u00e9n\u00e9galais a invit\u00e9 ses pairs \u00ab \u00e0 poursuivre la mise en place des politiques de bonne gouvernance des affaires publiques y compris par l&rsquo;am\u00e9lioration des recettes fiscales et la promotion du partenariat public-priv\u00e9 susceptible d&rsquo;all\u00e9ger la part de l&rsquo;Etat dans certains investissements \u00bb. \u00a0\u00a0<\/p>\n<p>Les pr\u00e9sidents Muhammadu Buhari (Nigeria), Denis Sassou-Nguesso (Congo), George Weah (Lib\u00e9ria), Julius Maada Bio (Sierra Leone), Umaro Sissoco Embal\u00f3 (Guin\u00e9e-Bissau) et Samia Suluhu Hassan (Tanzanie) ont particip\u00e9 au Sommet Ida-20 constituant \u00ab une \u00e9claircie dans la grisaille\u00a0\u00bb aux yeux de leur h\u00f4te qui a tenu \u00e0 les remercier pour avoir donn\u00e9 \u00e0 la rencontre une empreinte solennelle.<\/p>\n<p>Cet article <a rel=\"nofollow\" href=\"https:\/\/www.journalducameroun.com\/ida-20-macky-sall-plaide-pour-lassouplissement-des-procedures-de-decaissement\/\">Ida-20 : Macky Sall plaide pour l\u2019assouplissement des proc\u00e9dures de d\u00e9caissement<\/a> est apparu en premier sur <a rel=\"nofollow\" href=\"https:\/\/www.journalducameroun.com\/\">Journal du Cameroun<\/a>.<\/p>\n<\/div>\n<p>Auteur: APA News<br \/>\n<a href=\"https:\/\/www.journalducameroun.com\/ida-20-macky-sall-plaide-pour-lassouplissement-des-procedures-de-decaissement\/\">Cliquez ici pour lire l&rsquo;article depuis sa source.<\/a><\/p>\n","protected":false},"excerpt":{"rendered":"<p>Le pr\u00e9sident en exercice de l&rsquo;Union Africaine (UA) trouve que le continent noir n&rsquo;absorbe pas suffisamment les fonds de l&rsquo;Association internationale de d\u00e9veloppement (Ida, en anglais).\u00c0 quoi sert une reconstitution des fonds si l&rsquo;argent disponible ne parvient pas \u00e0 temps aux b\u00e9n\u00e9ficiaires potentiels ? Une question valable pour l&rsquo;Association internationale de d\u00e9veloppement (Ida, en anglais). [&hellip;]<\/p>\n","protected":false},"author":1965,"featured_media":0,"comment_status":"closed","ping_status":"closed","sticky":false,"template":"","format":"standard","meta":{"fifu_image_url":"https:\/\/www.journalducameroun.com\/wp-content\/uploads\/2022\/07\/16573078831508.jpg","fifu_image_alt":"Ida-20 : Macky Sall plaide pour l\u2019assouplissement des proc\u00e9dures de d\u00e9caissement","footnotes":""},"categories":[73,82],"tags":[],"class_list":["post-152091","post","type-post","status-publish","format-standard","hentry","category-actualite","category-cameroun"],"_links":{"self":[{"href":"https:\/\/linitiative.ca\/International\/wp-json\/wp\/v2\/posts\/152091","targetHints":{"allow":["GET"]}}],"collection":[{"href":"https:\/\/linitiative.ca\/International\/wp-json\/wp\/v2\/posts"}],"about":[{"href":"https:\/\/linitiative.ca\/International\/wp-json\/wp\/v2\/types\/post"}],"author":[{"embeddable":true,"href":"https:\/\/linitiative.ca\/International\/wp-json\/wp\/v2\/users\/1965"}],"replies":[{"embeddable":true,"href":"https:\/\/linitiative.ca\/International\/wp-json\/wp\/v2\/comments?post=152091"}],"version-history":[{"count":0,"href":"https:\/\/linitiative.ca\/International\/wp-json\/wp\/v2\/posts\/152091\/revisions"}],"wp:attachment":[{"href":"https:\/\/linitiative.ca\/International\/wp-json\/wp\/v2\/media?parent=152091"}],"wp:term":[{"taxonomy":"category","embeddable":true,"href":"https:\/\/linitiative.ca\/International\/wp-json\/wp\/v2\/categories?post=152091"},{"taxonomy":"post_tag","embeddable":true,"href":"https:\/\/linitiative.ca\/International\/wp-json\/wp\/v2\/tags?post=152091"}],"curies":[{"name":"wp","href":"https:\/\/api.w.org\/{rel}","templated":true}]}}