{"id":152095,"date":"2022-07-08T16:18:03","date_gmt":"2022-07-08T20:18:03","guid":{"rendered":"https:\/\/linitiative.ca\/International\/jean-claude-kassi-brou-prend-la-tete-de-la-bceao\/"},"modified":"2022-07-08T16:18:03","modified_gmt":"2022-07-08T20:18:03","slug":"jean-claude-kassi-brou-prend-la-tete-de-la-bceao","status":"publish","type":"post","link":"https:\/\/linitiative.ca\/International\/jean-claude-kassi-brou-prend-la-tete-de-la-bceao\/","title":{"rendered":"Jean-Claude Kassi Brou prend la t\u00eate de la Bc\u00e9ao"},"content":{"rendered":"<div>\n<p><img decoding=\"async\" width=\"912\" height=\"608\" src=\"https:\/\/linitiative.ca\/International\/wp-content\/uploads\/sites\/23\/2022\/07\/16573114834706.jpg\" class=\"attachment-post-thumbnail size-post-thumbnail wp-post-image\" alt=\"\" loading=\"lazy\" srcset=\"https:\/\/linitiative.ca\/International\/wp-content\/uploads\/sites\/23\/2022\/07\/16573114834706.jpg 912w, https:\/\/www.journalducameroun.com\/wp-content\/uploads\/2022\/07\/16573114834706-300x200.jpg 300w, https:\/\/www.journalducameroun.com\/wp-content\/uploads\/2022\/07\/16573114834706-768x512.jpg 768w, https:\/\/www.journalducameroun.com\/wp-content\/uploads\/2022\/07\/16573114834706-660x440.jpg 660w, https:\/\/www.journalducameroun.com\/wp-content\/uploads\/2022\/07\/16573114834706-600x400.jpg 600w\" sizes=\"auto, (max-width: 912px) 100vw, 912px\"><\/p>\n<p>Le nouveau Gouverneur de la Banque centrale des Etats de l&rsquo;Afrique de l&rsquo;Ouest (Bc\u00e9ao) a pr\u00eat\u00e9 serment ce vendredi.Jean-Claude Kassi Brou a officiellement pris fonction comme Gouverneur de la Banque centrale des Etats de l&rsquo;Afrique de l&rsquo;Ouest (Bc\u00e9ao).<\/p>\n<p>La c\u00e9r\u00e9monie de passation des services s&rsquo;est d\u00e9roul\u00e9e aujourd&rsquo;hui au si\u00e8ge de l&rsquo;institut d&rsquo;\u00e9mission \u00e0 Dakar (S\u00e9n\u00e9gal) en pr\u00e9sence de son pr\u00e9d\u00e9cesseur Ti\u00e9moko Meyliet Kon\u00e9, r\u00e9cemment nomm\u00e9 vice-pr\u00e9sident de C\u00f4te d&rsquo;Ivoire, de membres du Conseil des ministres de l&rsquo;Union mon\u00e9taire ouest-africaine (Umoa) et des vice-gouverneurs.<\/p>\n<p>En application des dispositions de l&rsquo;article 57 des statuts de la Banque centrale, M. Kassi Brou a \u00e9t\u00e9 install\u00e9 devant le pr\u00e9sident du Conseil des ministres de l&rsquo;Umoa, Sani Yaya, par ailleurs ministre de l&rsquo;Economie et des Finances du Togo.<\/p>\n<p>Avant sa nomination \u00e0 la Bc\u00e9ao, le 4 juin dernier, l&rsquo;\u00e9conomiste ivoirien \u00e9tait depuis mars 2018 le pr\u00e9sident de la Commission de la Communaut\u00e9 \u00e9conomique des \u00c9tats de l&rsquo;Afrique de l&rsquo;Ouest (C\u00e9d\u00e9ao). Dans son pays, il a notamment \u00e9t\u00e9 ministre de l&rsquo;Industrie et des Mines de novembre 2012 \u00e0 mars 2018.<\/p>\n<p>Cet article <a rel=\"nofollow\" href=\"https:\/\/www.journalducameroun.com\/jean-claude-kassi-brou-prend-la-tete-de-la-bceao\/\">Jean-Claude Kassi Brou prend la t\u00eate de la Bc\u00e9ao<\/a> est apparu en premier sur <a rel=\"nofollow\" href=\"https:\/\/www.journalducameroun.com\/\">Journal du Cameroun<\/a>.<\/p>\n<\/div>\n<p>Auteur: APA News<br \/>\n<a href=\"https:\/\/www.journalducameroun.com\/jean-claude-kassi-brou-prend-la-tete-de-la-bceao\/\">Cliquez ici pour lire l&rsquo;article depuis sa source.<\/a><\/p>\n","protected":false},"excerpt":{"rendered":"<p>Le nouveau Gouverneur de la Banque centrale des Etats de l&rsquo;Afrique de l&rsquo;Ouest (Bc\u00e9ao) a pr\u00eat\u00e9 serment ce vendredi.Jean-Claude Kassi Brou a officiellement pris fonction comme Gouverneur de la Banque centrale des Etats de l&rsquo;Afrique de l&rsquo;Ouest (Bc\u00e9ao). La c\u00e9r\u00e9monie de passation des services s&rsquo;est d\u00e9roul\u00e9e aujourd&rsquo;hui au si\u00e8ge de l&rsquo;institut d&rsquo;\u00e9mission \u00e0 Dakar (S\u00e9n\u00e9gal) [&hellip;]<\/p>\n","protected":false},"author":1965,"featured_media":0,"comment_status":"closed","ping_status":"closed","sticky":false,"template":"","format":"standard","meta":{"fifu_image_url":"https:\/\/www.journalducameroun.com\/wp-content\/uploads\/2022\/07\/16573114834706.jpg","fifu_image_alt":"Jean-Claude Kassi Brou prend la t\u00eate de la Bc\u00e9ao","footnotes":""},"categories":[73,82],"tags":[],"class_list":["post-152095","post","type-post","status-publish","format-standard","hentry","category-actualite","category-cameroun"],"_links":{"self":[{"href":"https:\/\/linitiative.ca\/International\/wp-json\/wp\/v2\/posts\/152095","targetHints":{"allow":["GET"]}}],"collection":[{"href":"https:\/\/linitiative.ca\/International\/wp-json\/wp\/v2\/posts"}],"about":[{"href":"https:\/\/linitiative.ca\/International\/wp-json\/wp\/v2\/types\/post"}],"author":[{"embeddable":true,"href":"https:\/\/linitiative.ca\/International\/wp-json\/wp\/v2\/users\/1965"}],"replies":[{"embeddable":true,"href":"https:\/\/linitiative.ca\/International\/wp-json\/wp\/v2\/comments?post=152095"}],"version-history":[{"count":0,"href":"https:\/\/linitiative.ca\/International\/wp-json\/wp\/v2\/posts\/152095\/revisions"}],"wp:attachment":[{"href":"https:\/\/linitiative.ca\/International\/wp-json\/wp\/v2\/media?parent=152095"}],"wp:term":[{"taxonomy":"category","embeddable":true,"href":"https:\/\/linitiative.ca\/International\/wp-json\/wp\/v2\/categories?post=152095"},{"taxonomy":"post_tag","embeddable":true,"href":"https:\/\/linitiative.ca\/International\/wp-json\/wp\/v2\/tags?post=152095"}],"curies":[{"name":"wp","href":"https:\/\/api.w.org\/{rel}","templated":true}]}}