{"id":152101,"date":"2022-07-08T13:02:21","date_gmt":"2022-07-08T17:02:21","guid":{"rendered":"https:\/\/linitiative.ca\/International\/la-bdeac-finance-a-hauteur-de-5-5-milliards-de-f-la-construction-dun-complexe-hotelier-a-douala\/"},"modified":"2022-07-08T13:02:21","modified_gmt":"2022-07-08T17:02:21","slug":"la-bdeac-finance-a-hauteur-de-5-5-milliards-de-f-la-construction-dun-complexe-hotelier-a-douala","status":"publish","type":"post","link":"https:\/\/linitiative.ca\/International\/la-bdeac-finance-a-hauteur-de-5-5-milliards-de-f-la-construction-dun-complexe-hotelier-a-douala\/","title":{"rendered":"La Bdeac finance \u00e0 hauteur de 5, 5 milliards de F, la construction d\u2019un complexe h\u00f4telier \u00e0 Douala"},"content":{"rendered":"<div>\n<p>Marcel Ondele, vice-pr\u00e9sident de la Banque de d\u00e9veloppement des Etats de l\u2019Afrique centrale(Bdeac) et David Manfouo, pr\u00e9sident Directeur g\u00e9n\u00e9ral du Groupe BELAVIE SA ont sign\u00e9 \u00e0 Douala le jeudi 7 juillet 2022, un accord de financement d\u2019un montant 5,5 milliards de Fcfa. C\u2019\u00e9tait en pr\u00e9sence du repr\u00e9sentant de Afriland First Bank Cameroun intervenu dans le projet en qualit\u00e9 de Banque Agent.<\/p>\n<p><strong>Lire aussi : <a href=\"https:\/\/ecomatin.net\/detournements-de-fonds-commercial-bank-tchad-decline-toute-responsabilite-dans-un-scandale-de-120-milliards-de-fcfa\/\" target=\"_blank\" rel=\"noreferrer noopener\">D\u00e9tournements de fonds: Commercial bank Tchad d\u00e9cline toute responsabilit\u00e9 dans un scandale de 120 milliards de FCFA<\/a><\/strong><\/p>\n<p>Selon l\u2019institution que dirige Dieudonn\u00e9 Evou Mekou, ce montant servira \u00e0 construire un complexe h\u00f4telier 4 \u00e9toiles d\u2019une capacit\u00e9 d\u2019h\u00e9bergement de 173 cl\u00e9s r\u00e9partis entre deux immeubles. Cet ensemble qui sera exploit\u00e9 par le groupe international Radisson Blu \u00ab\u00a0offrira\u00a0\u00e0 la classe moyenne des services connexes d\u2019h\u00e9bergement, de restauration et d\u2019accueil dans un cadre spacieux et de haut standing localis\u00e9 \u00e0 Bonapriso\u00a0\u00bb, indique-t-on \u00e0 la Bdeac. Bien plus, a annonc\u00e9 l\u2019institution de la Cemac, ce projet va g\u00e9n\u00e9rer au moins 215 emplois directs et indirects, un moyen de lutter contre le ch\u00f4mage.<\/p>\n<p><strong>Lire aussi : <a href=\"https:\/\/ecomatin.net\/entrepreneuriat-feminin-attijariwafa-bank-k-lance-le-programme-sufawe-en-zone-cemac\/\" target=\"_blank\" rel=\"noreferrer noopener\">Entrepreneuriat f\u00e9minin:\u00a0Attijariwafa Bank lance le programme \u00abSufawe\u00bb en zone Cemac<\/a><\/strong><\/p>\n<p>Avec cette nouvelle op\u00e9ration dans le secteur priv\u00e9, la Bdeac conform\u00e9ment aux objectifs d\u00e9clin\u00e9s dans son Plan Strat\u00e9gique (PS)\u00a02017-2022,\u00a0s\u2019affirme davantage comme le levier de la diversification des \u00e9conomies de la sous-r\u00e9gion. En effet, l\u2019intervention de la Banque dans ce projet est la mise en \u0153uvre de l\u2019objectif n\u00b02 de son PS, qui privil\u00e9gie les projets \u00e0 fort impacts en terme de cr\u00e9ation d\u2019emplois\u00a0et de l\u2019objectif\u00a0n\u00b04 du m\u00eame PS qui ambitionne de contribuer significativement \u00e0 l\u2019am\u00e9lioration du financement des PME \/PMI de la Sous-r\u00e9gion.\u00a0<\/p>\n<p><strong>Lire aussi : <a href=\"https:\/\/ecomatin.net\/financement-des-pme-la-bdeac-debloque-16-milliards-de-f-au-profit-de-commercial-bank-tchad-et-ucec-mk\/\" target=\"_blank\" rel=\"noreferrer noopener\">Financement des PME : la Bdeac d\u00e9bloque 16 milliards de F au profit de Commercial Bank Tchad et\u00a0UCEC-MK<\/a><\/strong><\/p>\n<p>Pour preuve, il y a quelques jours, la Bdeac a accord\u00e9 \u00e0\u00a0Commercial Bank Tchad (CBT) et l\u2019Union des Clubs d\u2019Epargne et de Cr\u00e9dit du Mayo-Kebbi (UCEC-MK) un pr\u00eat de 16 milliards de Fcfa pour le financement des PME et Pmi au Tchad.<\/p>\n<p><strong>Marius Zogo<\/strong><\/p>\n<p>L\u2019article <a rel=\"nofollow\" href=\"https:\/\/ecomatin.net\/la-bdeac-finance-a-hauteur-de-5-5-milliards-de-f-la-construction-dun-complexe-hotelier-a-douala\/\">La Bdeac finance \u00e0 hauteur de 5, 5 milliards de F, la construction d\u2019un complexe h\u00f4telier \u00e0 Douala<\/a> est apparu en premier sur <a rel=\"nofollow\" href=\"https:\/\/ecomatin.net\/\">EcoMatin<\/a>.<\/p>\n<\/div>\n<p>Auteur: EcoMatin<br \/>\n<a href=\"https:\/\/ecomatin.net\/la-bdeac-finance-a-hauteur-de-5-5-milliards-de-f-la-construction-dun-complexe-hotelier-a-douala\/\">Cliquez ici pour lire l&rsquo;article depuis sa source.<\/a><\/p>\n","protected":false},"excerpt":{"rendered":"<p>Marcel Ondele, vice-pr\u00e9sident de la Banque de d\u00e9veloppement des Etats de l\u2019Afrique centrale(Bdeac) et David Manfouo, pr\u00e9sident Directeur g\u00e9n\u00e9ral du Groupe BELAVIE SA ont sign\u00e9 \u00e0 Douala le jeudi 7 juillet 2022, un accord de financement d\u2019un montant 5,5 milliards de Fcfa. C\u2019\u00e9tait en pr\u00e9sence du repr\u00e9sentant de Afriland First Bank Cameroun intervenu dans le [&hellip;]<\/p>\n","protected":false},"author":1969,"featured_media":0,"comment_status":"closed","ping_status":"closed","sticky":false,"template":"","format":"standard","meta":{"fifu_image_url":"","fifu_image_alt":"","footnotes":""},"categories":[82,78],"tags":[],"class_list":["post-152101","post","type-post","status-publish","format-standard","hentry","category-cameroun","category-economie"],"_links":{"self":[{"href":"https:\/\/linitiative.ca\/International\/wp-json\/wp\/v2\/posts\/152101","targetHints":{"allow":["GET"]}}],"collection":[{"href":"https:\/\/linitiative.ca\/International\/wp-json\/wp\/v2\/posts"}],"about":[{"href":"https:\/\/linitiative.ca\/International\/wp-json\/wp\/v2\/types\/post"}],"author":[{"embeddable":true,"href":"https:\/\/linitiative.ca\/International\/wp-json\/wp\/v2\/users\/1969"}],"replies":[{"embeddable":true,"href":"https:\/\/linitiative.ca\/International\/wp-json\/wp\/v2\/comments?post=152101"}],"version-history":[{"count":0,"href":"https:\/\/linitiative.ca\/International\/wp-json\/wp\/v2\/posts\/152101\/revisions"}],"wp:attachment":[{"href":"https:\/\/linitiative.ca\/International\/wp-json\/wp\/v2\/media?parent=152101"}],"wp:term":[{"taxonomy":"category","embeddable":true,"href":"https:\/\/linitiative.ca\/International\/wp-json\/wp\/v2\/categories?post=152101"},{"taxonomy":"post_tag","embeddable":true,"href":"https:\/\/linitiative.ca\/International\/wp-json\/wp\/v2\/tags?post=152101"}],"curies":[{"name":"wp","href":"https:\/\/api.w.org\/{rel}","templated":true}]}}