{"id":152103,"date":"2022-07-09T07:55:41","date_gmt":"2022-07-09T11:55:41","guid":{"rendered":"https:\/\/linitiative.ca\/International\/kaisse-ben-yahia-signe-a-marrakech-son-recueil-poetique-patch-words-lamour-emoi\/"},"modified":"2022-07-09T07:55:41","modified_gmt":"2022-07-09T11:55:41","slug":"kaisse-ben-yahia-signe-a-marrakech-son-recueil-poetique-patch-words-lamour-emoi","status":"publish","type":"post","link":"https:\/\/linitiative.ca\/International\/kaisse-ben-yahia-signe-a-marrakech-son-recueil-poetique-patch-words-lamour-emoi\/","title":{"rendered":"Ka\u00efsse Ben Yahia signe \u00e0 Marrakech son recueil po\u00e9tique \u00ab\u00a0Patch-Words : L\u2019amour \u00e9moi\u00a0\u00bb"},"content":{"rendered":"<div>\n<p><img decoding=\"async\" width=\"300\" height=\"153\" src=\"https:\/\/linitiative.ca\/International\/wp-content\/uploads\/sites\/23\/2022\/07\/Kaisse-Ben-Yahia-300x153-1.jpg\" class=\"attachment-medium size-medium wp-post-image\" alt=\"\" loading=\"lazy\" srcset=\"https:\/\/linitiative.ca\/International\/wp-content\/uploads\/sites\/23\/2022\/07\/Kaisse-Ben-Yahia-300x153-1.jpg 300w, https:\/\/aujourdhui.ma\/wp-content\/uploads\/2022\/07\/Kaisse-Ben-Yahia-274x140.jpg 274w, https:\/\/aujourdhui.ma\/wp-content\/uploads\/2022\/07\/Kaisse-Ben-Yahia.jpg 746w, https:\/\/aujourdhui.ma\/wp-content\/uploads\/2022\/07\/Kaisse-Ben-Yahia-165x84.jpg 165w, https:\/\/aujourdhui.ma\/wp-content\/uploads\/2022\/07\/Kaisse-Ben-Yahia-702x358.jpg 702w\" sizes=\"auto, (max-width: 300px) 100vw, 300px\"><\/p>\n<div dir=\"auto\"><strong>La c\u00e9r\u00e9monie de signature du recueil po\u00e9tique intitul\u00e9 \u00ab\u00a0Patch-Words : L\u2019amour \u00e9moi\u00a0\u00bb de son auteur, M. Ka\u00efsse Ben Yahia, a eu lieu vendredi soir \u00e0 l\u2019embl\u00e9matique Riad Ben Youssef \u00e0 Marrakech, \u00e0 l\u2019initiative du \u00ab\u00a0Salon Pens\u00e9e et Art\u00a0\u00bb.\u00a0<\/strong><\/div>\n<p><span id=\"more-412814\"><\/span><\/p>\n<div dir=\"auto\"><\/div>\n<div dir=\"auto\">Cet opus de 162 pages paru \u00e0 \u00ab\u00a0Axions Communication\u00a0\u00bb en moyenne format, comprend quelque 158 po\u00e8mes r\u00e9dig\u00e9s, en un style si raffin\u00e9 et \u00e9l\u00e9gant et une esth\u00e9tique linguistique confirm\u00e9e, entre moult villes \u00e9trang\u00e8res et marocaines imp\u00e9riales, notamment Rabat, Casablanca, Marrakech et Essaouira, si ch\u00e8res \u00e0 M. Ka\u00efsse Ben Yahia, qui se dit d\u00e9j\u00e0 n\u2019est pas \u00eatre un auteur de po\u00e9sie acad\u00e9mique et qui, hors du conventionnel, se r\u00e9clame \u00ab\u00a0Patch- wordeur\u00a0\u00bb.<\/div>\n<div dir=\"auto\"><\/div>\n<div dir=\"auto\">A travers cette oeuvre de toute beaut\u00e9 et richesses litt\u00e9raires, l\u2019auteur coule ses \u00e9motions sur papier avec g\u00e9n\u00e9rosit\u00e9 in\u00e9galable et amour av\u00e9r\u00e9, empruntant ainsi la m\u00eame voie que celle d\u2019un peintre engag\u00e9 \u00e0 confectionner une belle toile en nuan\u00e7ant les couleurs et les formes. Une toile qui incite le lecteur \u00e0 choisir son point de vue.<\/div>\n<div dir=\"auto\">Gr\u00e2ce \u00e0 son \u00e9criture \u00e9ruptive, le po\u00e8te fait jaser un gage de sinc\u00e9rit\u00e9 et de fid\u00e9lit\u00e9. Une fid\u00e9lit\u00e9 \u00e0 toute \u00e9preuve \u00e0 l\u2019\u00e9motion de l\u2019instant. Pour donner force et singularit\u00e9 inou\u00efes \u00e0 ces \u00e9crits, M. Ka\u00efsse Ben Yahia explique qu\u2019il ne revient quasiment jamais pour revoir ses po\u00e8mes une fois achev\u00e9s. Des textes subtiles et fins qu\u2019il n\u2019h\u00e9site gu\u00e8re \u00e0 qualifier de \u00ab\u00a0bio\u00a0\u00bb, conformes au ressenti qui les a provoqu\u00e9s.<\/div>\n<div dir=\"auto\"><\/div>\n<div dir=\"auto\">Disposant de plusieurs cordes \u00e0 son arc, cet ing\u00e9nieur en chimie nucl\u00e9aire de formation, a aussi une fibre fabuleuse pour les arts raffin\u00e9s et pour l\u2019humanisme, car au-del\u00e0 de son amour et sa passion sans limite pour l\u2019art, la musique, la chanson et la po\u00e9sie, il est aussi un expert en communication, un responsable engag\u00e9 au service de la Nation comme en t\u00e9moignent ses hautes responsabilit\u00e9s.<\/div>\n<div dir=\"auto\"><\/div>\n<div dir=\"auto\">Ce cordon ombilical pour la science et la po\u00e9sie \u00e0 l\u2019apparence \u00ab\u00a0inexistant\u00a0\u00bb, M. Ka\u00efsse Ben Yahia avoue le retrouver dans l\u2019humanisme qui caract\u00e9rise l\u2019individu et surtout, dans la bonne \u00e9ducation aux valeurs et principes qu\u2019il a re\u00e7ue d\u00e8s son jeune \u00e2ge au sein d\u2019une famille o\u00f9 les traditions prennent leur valeur et leur sens.<\/div>\n<div dir=\"auto\">\u00ab\u00a0Il suffit d\u2019\u00eatre humaniste, pour pouvoir appr\u00e9hender et sentir la beaut\u00e9 partout, apprendre \u00e0 aimer et par l\u00e0, \u00e0 \u00eatre toujours proche du cr\u00e9ateur. En d\u2019autres termes, proche de la r\u00e9alit\u00e9 et \u00e0 ce moment l\u00e0, on peut \u00eatre savant, po\u00e8te, artiste\u2026.\u00a0\u00bb, estime M. Ka\u00efsse Ben Yahia qui n\u2019h\u00e9site gu\u00e8re \u00e0 transposer cet humanisme et cette bont\u00e9 \u00e0 travers ses \u00e9crits, chaque fois que l\u2019occasion lui est pr\u00e9sent\u00e9e.<\/div>\n<div dir=\"auto\"><\/div>\n<div dir=\"auto\">En d\u2019autres termes, charg\u00e9s d\u2019humanisme, auquel il croit fortement, les po\u00e8mes de Ka\u00efsse Ben Yahia, appellent \u00e0 lib\u00e9rer l\u2019amour \u00ab\u00a0en nous\u00a0\u00bb et le laisser rythmer \u00ab\u00a0notre vie\u00a0\u00bb. L\u2019amour de soi, d\u2019autrui, de sa patrie, de son Roi, de ses proches\u2026etc.<\/div>\n<div dir=\"auto\"><\/div>\n<div dir=\"auto\">\u00ab\u00a0Sillonner la vie dans un environnement o\u00f9 les belles \u00e9motions irisent le pr\u00e9sent et l\u2019avenir est une b\u00e9n\u00e9diction divine\u00a0\u00bb, \u00e9crit l\u2019auteur dans la Pr\u00e9face de ce recueil sans omettre de faire part de sa gratitude, son d\u00e9vouement et sa fid\u00e9lit\u00e9 \u00e0 Sa Majest\u00e9 le Roi Mohammed VI pour la Confiance que le Souverain a bien voulu placer en lui.<\/div>\n<div dir=\"auto\">Mme Amal Malakh, fondatrice du \u00ab\u00a0Salon Pens\u00e9e et Art\u00a0\u00bb s\u2019est dite, quant \u00e0 elle, tr\u00e8s honor\u00e9e de la signature \u00e0 Marrakech de ce recueil po\u00e9tique de toutes beaut\u00e9 et richesse intellectuelles et humanistes, louant au passage les qualit\u00e9s humaines et professionnelles de l\u2019auteur.<\/div>\n<\/div>\n<p>Auteur: ALM<br \/>\n<a href=\"https:\/\/aujourdhui.ma\/actualite\/kaisse-ben-yahia-signe-a-marrakech-son-recueil-poetique-patch-words-lamour-emoi\">Cliquez ici pour lire l&rsquo;article depuis sa source.<\/a><\/p>\n","protected":false},"excerpt":{"rendered":"<p>La c\u00e9r\u00e9monie de signature du recueil po\u00e9tique intitul\u00e9 \u00ab\u00a0Patch-Words : L\u2019amour \u00e9moi\u00a0\u00bb de son auteur, M. Ka\u00efsse Ben Yahia, a eu lieu vendredi soir \u00e0 l\u2019embl\u00e9matique Riad Ben Youssef \u00e0 Marrakech, \u00e0 l\u2019initiative du \u00ab\u00a0Salon Pens\u00e9e et Art\u00a0\u00bb.\u00a0 Cet opus de 162 pages paru \u00e0 \u00ab\u00a0Axions Communication\u00a0\u00bb en moyenne format, comprend quelque 158 po\u00e8mes r\u00e9dig\u00e9s, [&hellip;]<\/p>\n","protected":false},"author":1759,"featured_media":0,"comment_status":"closed","ping_status":"closed","sticky":false,"template":"","format":"standard","meta":{"fifu_image_url":"https:\/\/aujourdhui.ma\/wp-content\/uploads\/2022\/07\/Kaisse-Ben-Yahia-300x153.jpg","fifu_image_alt":"Ka\u00efsse Ben Yahia signe \u00e0 Marrakech son recueil po\u00e9tique \u00ab\u00a0Patch-Words : L\u2019amour \u00e9moi\u00a0\u00bb","footnotes":""},"categories":[73,54],"tags":[],"class_list":["post-152103","post","type-post","status-publish","format-standard","hentry","category-actualite","category-maroc"],"_links":{"self":[{"href":"https:\/\/linitiative.ca\/International\/wp-json\/wp\/v2\/posts\/152103","targetHints":{"allow":["GET"]}}],"collection":[{"href":"https:\/\/linitiative.ca\/International\/wp-json\/wp\/v2\/posts"}],"about":[{"href":"https:\/\/linitiative.ca\/International\/wp-json\/wp\/v2\/types\/post"}],"author":[{"embeddable":true,"href":"https:\/\/linitiative.ca\/International\/wp-json\/wp\/v2\/users\/1759"}],"replies":[{"embeddable":true,"href":"https:\/\/linitiative.ca\/International\/wp-json\/wp\/v2\/comments?post=152103"}],"version-history":[{"count":0,"href":"https:\/\/linitiative.ca\/International\/wp-json\/wp\/v2\/posts\/152103\/revisions"}],"wp:attachment":[{"href":"https:\/\/linitiative.ca\/International\/wp-json\/wp\/v2\/media?parent=152103"}],"wp:term":[{"taxonomy":"category","embeddable":true,"href":"https:\/\/linitiative.ca\/International\/wp-json\/wp\/v2\/categories?post=152103"},{"taxonomy":"post_tag","embeddable":true,"href":"https:\/\/linitiative.ca\/International\/wp-json\/wp\/v2\/tags?post=152103"}],"curies":[{"name":"wp","href":"https:\/\/api.w.org\/{rel}","templated":true}]}}