{"id":152105,"date":"2022-07-09T08:40:54","date_gmt":"2022-07-09T12:40:54","guid":{"rendered":"https:\/\/linitiative.ca\/International\/entrepreneuriat-social-a-guelmim-380-porteurs-de-projets-a-fort-impact-social-accompagnes\/"},"modified":"2022-07-09T08:40:54","modified_gmt":"2022-07-09T12:40:54","slug":"entrepreneuriat-social-a-guelmim-380-porteurs-de-projets-a-fort-impact-social-accompagnes","status":"publish","type":"post","link":"https:\/\/linitiative.ca\/International\/entrepreneuriat-social-a-guelmim-380-porteurs-de-projets-a-fort-impact-social-accompagnes\/","title":{"rendered":"Entrepreneuriat social \u00e0 Guelmim : 380 porteurs de projets \u00e0 fort impact  social accompagn\u00e9s"},"content":{"rendered":"<div>\n<p><img decoding=\"async\" width=\"300\" height=\"153\" src=\"https:\/\/linitiative.ca\/International\/wp-content\/uploads\/sites\/23\/2022\/07\/CR-Guelmim-300x153-1.jpg\" class=\"attachment-medium size-medium wp-post-image\" alt=\"\" loading=\"lazy\" srcset=\"https:\/\/linitiative.ca\/International\/wp-content\/uploads\/sites\/23\/2022\/07\/CR-Guelmim-300x153-1.jpg 300w, https:\/\/aujourdhui.ma\/wp-content\/uploads\/2022\/07\/CR-Guelmim-274x140.jpg 274w, https:\/\/aujourdhui.ma\/wp-content\/uploads\/2022\/07\/CR-Guelmim.jpg 746w, https:\/\/aujourdhui.ma\/wp-content\/uploads\/2022\/07\/CR-Guelmim-165x84.jpg 165w, https:\/\/aujourdhui.ma\/wp-content\/uploads\/2022\/07\/CR-Guelmim-702x358.jpg 702w\" sizes=\"auto, (max-width: 300px) 100vw, 300px\"><\/p>\n<p><span style=\"color: #800000;\"><strong>Le Conseil r\u00e9gional de Guelmim-Oued Noun et le Centre marocain pour l\u2019innovation et l\u2019entrepreneuriat social dressent le bilan des programmes lanc\u00e9s \u00e0 fort impact social : 380 porteurs de projets accompagn\u00e9s et 40 projets incub\u00e9s.<\/strong> <\/span><span id=\"more-412785\"><\/span><\/p>\n<p>Les d\u00e9tails.<\/p>\n<p>Les fruits des incubations font suite \u00e0 l\u2019accord de partenariat tiss\u00e9, le 26 d\u00e9cembre 2020, entre le Conseil r\u00e9gional de Guelmim-Oued Noun et le Centre marocain pour l\u2019innovation et l\u2019entrepreneuriat social (MCISE). L\u2019entente vise \u00e0 encourager les jeunes de la r\u00e9gion Guelmim-Oued Noun (GON) \u00e0 s\u2019investir dans le domaine de l\u2019entrepreneuriat social. Plusieurs programmes ont ainsi vu le jour \u00e0 Guelmim, Tan Tan, Sidi Ifni et Assa Zag.<\/p>\n<p>Les enjeux sont r\u00e9els. Il s\u2019agit d\u2019accompagner le d\u00e9veloppement de la r\u00e9gion tout en cr\u00e9ant de la valeur et en dynamisant la vie soci\u00e9tale Oued Noun. C\u2019est ainsi que pr\u00e8s de 2.500 personnes ont particip\u00e9 \u00e0 cet \u00e9lan. Plus de 380 porteurs de projets ont \u00e9t\u00e9 accompagn\u00e9s avec une totalit\u00e9 de 40 projets incub\u00e9s et 9 SARL cr\u00e9\u00e9es. 35 associations locales ont vu leurs capacit\u00e9s renforc\u00e9es et pr\u00e8s de 170 lyc\u00e9ens ont pu \u00eatre associ\u00e9s \u00e0 la d\u00e9marche. Ces projets ont pu voir le jour et \u00eatre accompagn\u00e9s, notamment \u00e0 travers les programmes DareInc, Mincom, Dar space, Tanara, Chabaka, Soar qui ont \u00e9t\u00e9 d\u00e9velopp\u00e9s depuis une d\u00e9cennie.<\/p>\n<p>Parmi les porteurs de projets incub\u00e9s dans la r\u00e9gion, deux jeunes femmes, Laila, 24 ans, et Nassira 30 ans, retiennent l\u2019attention par leur projet commun SigSoro. Leur id\u00e9e a germ\u00e9 \u00e0 partir d\u2019un jeu sahraoui. Elles d\u00e9cident de cr\u00e9er un jeu \u00e9ducatif alliant techniques de calcul mental et techniques de ce jeu populaire, connu sous le nom de SIG dans la r\u00e9gion. De son c\u00f4t\u00e9, Youssef, 38 ans, a observ\u00e9 que l\u2019arbre de Moringa, plante vivri\u00e8re, dot\u00e9e d\u2019une grande r\u00e9sistance \u00e0 la s\u00e9cheresse poussait sans probl\u00e8me dans les zones semi-arides appel\u00e9es aussi zones de rusticit\u00e9. Youssef d\u00e9cide alors de planter le Moringa \u00e0 Assa-Zag, sa r\u00e9gion natale.<\/p>\n<p>Cette r\u00e9gion r\u00e9pond parfaitement aux conditions d\u2019implantation, et produit des cosm\u00e9tiques et produits m\u00e9dicinaux \u00e0 base du Moringa. Bref, les projets sont nombreux. Ils ont pu voir le jour et \u00eatre accompagn\u00e9s dans leur cr\u00e9ation \u00e0 travers plusieurs programmes DareInc, Mincom, Dar Space, Tanara, Chabaka, Soar entre autres, et ce, dans les diff\u00e9rentes provinces de la r\u00e9gion. L\u2019int\u00e9r\u00eat d\u2019accompagner des jeunes porteurs de projets dans la r\u00e9gion n\u2019est plus \u00e0 d\u00e9montrer<\/p>\n<\/div>\n<p>Auteur: ALM<br \/>\n<a href=\"https:\/\/aujourdhui.ma\/economie\/entrepreneuriat-social-a-guelmim-380-porteurs-de-projets-a-fort-impact-social-accompagnes\">Cliquez ici pour lire l&rsquo;article depuis sa source.<\/a><\/p>\n","protected":false},"excerpt":{"rendered":"<p>Le Conseil r\u00e9gional de Guelmim-Oued Noun et le Centre marocain pour l\u2019innovation et l\u2019entrepreneuriat social dressent le bilan des programmes lanc\u00e9s \u00e0 fort impact social : 380 porteurs de projets accompagn\u00e9s et 40 projets incub\u00e9s. Les d\u00e9tails. Les fruits des incubations font suite \u00e0 l\u2019accord de partenariat tiss\u00e9, le 26 d\u00e9cembre 2020, entre le Conseil [&hellip;]<\/p>\n","protected":false},"author":1759,"featured_media":0,"comment_status":"closed","ping_status":"closed","sticky":false,"template":"","format":"standard","meta":{"fifu_image_url":"https:\/\/aujourdhui.ma\/wp-content\/uploads\/2022\/07\/CR-Guelmim-300x153.jpg","fifu_image_alt":"Entrepreneuriat social \u00e0 Guelmim : 380 porteurs de projets \u00e0 fort impact  social accompagn\u00e9s","footnotes":""},"categories":[73,54],"tags":[],"class_list":["post-152105","post","type-post","status-publish","format-standard","hentry","category-actualite","category-maroc"],"_links":{"self":[{"href":"https:\/\/linitiative.ca\/International\/wp-json\/wp\/v2\/posts\/152105","targetHints":{"allow":["GET"]}}],"collection":[{"href":"https:\/\/linitiative.ca\/International\/wp-json\/wp\/v2\/posts"}],"about":[{"href":"https:\/\/linitiative.ca\/International\/wp-json\/wp\/v2\/types\/post"}],"author":[{"embeddable":true,"href":"https:\/\/linitiative.ca\/International\/wp-json\/wp\/v2\/users\/1759"}],"replies":[{"embeddable":true,"href":"https:\/\/linitiative.ca\/International\/wp-json\/wp\/v2\/comments?post=152105"}],"version-history":[{"count":0,"href":"https:\/\/linitiative.ca\/International\/wp-json\/wp\/v2\/posts\/152105\/revisions"}],"wp:attachment":[{"href":"https:\/\/linitiative.ca\/International\/wp-json\/wp\/v2\/media?parent=152105"}],"wp:term":[{"taxonomy":"category","embeddable":true,"href":"https:\/\/linitiative.ca\/International\/wp-json\/wp\/v2\/categories?post=152105"},{"taxonomy":"post_tag","embeddable":true,"href":"https:\/\/linitiative.ca\/International\/wp-json\/wp\/v2\/tags?post=152105"}],"curies":[{"name":"wp","href":"https:\/\/api.w.org\/{rel}","templated":true}]}}