{"id":152107,"date":"2022-07-09T10:12:27","date_gmt":"2022-07-09T14:12:27","guid":{"rendered":"https:\/\/linitiative.ca\/International\/sebastien-daziano-nomme-a-la-presidence-du-conseil-dadministration-de-lydec\/"},"modified":"2022-07-09T10:12:27","modified_gmt":"2022-07-09T14:12:27","slug":"sebastien-daziano-nomme-a-la-presidence-du-conseil-dadministration-de-lydec","status":"publish","type":"post","link":"https:\/\/linitiative.ca\/International\/sebastien-daziano-nomme-a-la-presidence-du-conseil-dadministration-de-lydec\/","title":{"rendered":"S\u00e9bastien Daziano nomm\u00e9 \u00e0 la pr\u00e9sidence du Conseil d\u2019Administration de Lydec"},"content":{"rendered":"<div>\n<p><img decoding=\"async\" width=\"300\" height=\"153\" src=\"https:\/\/linitiative.ca\/International\/wp-content\/uploads\/sites\/23\/2022\/07\/PSX_20220709_151146-300x153-1.jpg\" class=\"attachment-medium size-medium wp-post-image\" alt=\"\" loading=\"lazy\" srcset=\"https:\/\/linitiative.ca\/International\/wp-content\/uploads\/sites\/23\/2022\/07\/PSX_20220709_151146-300x153-1.jpg 300w, https:\/\/aujourdhui.ma\/wp-content\/uploads\/2022\/07\/PSX_20220709_151146-274x140.jpg 274w, https:\/\/aujourdhui.ma\/wp-content\/uploads\/2022\/07\/PSX_20220709_151146.jpg 746w, https:\/\/aujourdhui.ma\/wp-content\/uploads\/2022\/07\/PSX_20220709_151146-165x84.jpg 165w, https:\/\/aujourdhui.ma\/wp-content\/uploads\/2022\/07\/PSX_20220709_151146-702x358.jpg 702w\" sizes=\"auto, (max-width: 300px) 100vw, 300px\"><\/p>\n<p>Lydec a annonc\u00e9, r\u00e9cemment, la nomination de S\u00e9bastien Daziano \u00e0 la pr\u00e9sidence du Conseil d\u2019administration, succ\u00e9dant ainsi \u00e0 Guillaume Pepy.<span id=\"more-412819\"><\/span><\/p>\n<p>\u00ab\u00a0Le Conseil d\u2019administration, qui s\u2019est tenu le 7 juillet 2022 au si\u00e8ge de la Soci\u00e9t\u00e9, a adopt\u00e9 \u00e0 l\u2019unanimit\u00e9 la d\u00e9cision de nomination de S\u00e9bastien Daziano en tant que pr\u00e9sident du Conseil d\u2019administration de Lydec\u00a0\u00bb, a indiqu\u00e9 un communiqu\u00e9 de la soci\u00e9t\u00e9. M. Daziano assurera ses fonctions \u00e0 compter du 7 juillet 2022 dans cette p\u00e9riode de transition o\u00f9 tout le Conseil d\u2019administration et le management sont mobilis\u00e9s pour obtenir les autorisations n\u00e9cessaires au transfert de Lydec \u00e0 SUEZ.<\/p>\n<p>Le Conseil a saisi l\u2019occasion pour rendre hommage \u00e0 l\u2019action de Guillaume Pepy pour le d\u00e9veloppement de Lydec durant son mandat d\u2019administrateur, pr\u00e9sident du Conseil d\u2019administration qui a pris fin suite \u00e0 sa prise de nouvelles fonctions dans une autre grande entreprise et l\u2019a remerci\u00e9 pour son engagement et son implication tout au long de son mandat.<\/p>\n<p>S\u00e9bastien Daziano est licenci\u00e9 en droit, dipl\u00f4m\u00e9 de Sciences Po et ancien \u00e9l\u00e8ve de l\u2019ENA. Il a \u00e9t\u00e9 sous-pr\u00e9fet \u00e0 Nancy, conseiller des affaires \u00e9trang\u00e8res au Quai d\u2019Orsay, chef de cabinet du ministre du commerce ext\u00e9rieur et conseiller aupr\u00e8s du ministre de l\u2019Int\u00e9rieur en France.<\/p>\n<p>Il a rejoint, depuis mai 2019, le groupe SUEZ comme directeur de la coordination ex\u00e9cutive, des relations institutionnelles et de la s\u00fbret\u00e9. Il a \u00e9t\u00e9 ma\u00eetre de conf\u00e9rences en \u00e9conomie \u00e0 Sciences Po de 2005 \u00e0 2018. Depuis le 18 janvier 2022, il est Directeur G\u00e9n\u00e9ral de SUEZ SA, aujourd\u2019hui d\u00e9tenue par Veolia.<\/p>\n<\/div>\n<p>Auteur: ALM<br \/>\n<a href=\"https:\/\/aujourdhui.ma\/actualite\/sebastien-daziano-nomme-a-la-presidence-du-conseil-dadministration-de-lydec\">Cliquez ici pour lire l&rsquo;article depuis sa source.<\/a><\/p>\n","protected":false},"excerpt":{"rendered":"<p>Lydec a annonc\u00e9, r\u00e9cemment, la nomination de S\u00e9bastien Daziano \u00e0 la pr\u00e9sidence du Conseil d\u2019administration, succ\u00e9dant ainsi \u00e0 Guillaume Pepy. \u00ab\u00a0Le Conseil d\u2019administration, qui s\u2019est tenu le 7 juillet 2022 au si\u00e8ge de la Soci\u00e9t\u00e9, a adopt\u00e9 \u00e0 l\u2019unanimit\u00e9 la d\u00e9cision de nomination de S\u00e9bastien Daziano en tant que pr\u00e9sident du Conseil d\u2019administration de Lydec\u00a0\u00bb, [&hellip;]<\/p>\n","protected":false},"author":1759,"featured_media":0,"comment_status":"closed","ping_status":"closed","sticky":false,"template":"","format":"standard","meta":{"fifu_image_url":"https:\/\/aujourdhui.ma\/wp-content\/uploads\/2022\/07\/PSX_20220709_151146-300x153.jpg","fifu_image_alt":"S\u00e9bastien Daziano nomm\u00e9 \u00e0 la pr\u00e9sidence du Conseil d\u2019Administration de Lydec","footnotes":""},"categories":[73,54],"tags":[],"class_list":["post-152107","post","type-post","status-publish","format-standard","hentry","category-actualite","category-maroc"],"_links":{"self":[{"href":"https:\/\/linitiative.ca\/International\/wp-json\/wp\/v2\/posts\/152107","targetHints":{"allow":["GET"]}}],"collection":[{"href":"https:\/\/linitiative.ca\/International\/wp-json\/wp\/v2\/posts"}],"about":[{"href":"https:\/\/linitiative.ca\/International\/wp-json\/wp\/v2\/types\/post"}],"author":[{"embeddable":true,"href":"https:\/\/linitiative.ca\/International\/wp-json\/wp\/v2\/users\/1759"}],"replies":[{"embeddable":true,"href":"https:\/\/linitiative.ca\/International\/wp-json\/wp\/v2\/comments?post=152107"}],"version-history":[{"count":0,"href":"https:\/\/linitiative.ca\/International\/wp-json\/wp\/v2\/posts\/152107\/revisions"}],"wp:attachment":[{"href":"https:\/\/linitiative.ca\/International\/wp-json\/wp\/v2\/media?parent=152107"}],"wp:term":[{"taxonomy":"category","embeddable":true,"href":"https:\/\/linitiative.ca\/International\/wp-json\/wp\/v2\/categories?post=152107"},{"taxonomy":"post_tag","embeddable":true,"href":"https:\/\/linitiative.ca\/International\/wp-json\/wp\/v2\/tags?post=152107"}],"curies":[{"name":"wp","href":"https:\/\/api.w.org\/{rel}","templated":true}]}}