{"id":152109,"date":"2022-07-09T10:15:47","date_gmt":"2022-07-09T14:15:47","guid":{"rendered":"https:\/\/linitiative.ca\/International\/mise-en-echec-a-tanger-dune-tentative-dimmigration-illegale-25-subsahariens-interpelles\/"},"modified":"2022-07-09T10:15:47","modified_gmt":"2022-07-09T14:15:47","slug":"mise-en-echec-a-tanger-dune-tentative-dimmigration-illegale-25-subsahariens-interpelles","status":"publish","type":"post","link":"https:\/\/linitiative.ca\/International\/mise-en-echec-a-tanger-dune-tentative-dimmigration-illegale-25-subsahariens-interpelles\/","title":{"rendered":"Mise en \u00e9chec \u00e0 Tanger d\u2019une tentative d\u2019immigration ill\u00e9gale: 25 Subsahariens interpell\u00e9s"},"content":{"rendered":"<div>\n<p><img decoding=\"async\" width=\"300\" height=\"153\" src=\"https:\/\/linitiative.ca\/International\/wp-content\/uploads\/sites\/23\/2022\/07\/Arrestation-Subsahariens-immigration-illeCC81gale-300x153-1.jpg\" class=\"attachment-medium size-medium wp-post-image\" alt=\"\" loading=\"lazy\" srcset=\"https:\/\/linitiative.ca\/International\/wp-content\/uploads\/sites\/23\/2022\/07\/Arrestation-Subsahariens-immigration-illeCC81gale-300x153-1.jpg 300w, https:\/\/aujourdhui.ma\/wp-content\/uploads\/2019\/05\/Arrestation-Subsahariens-immigration-ille\u0301gale.jpg 746w\" sizes=\"auto, (max-width: 300px) 100vw, 300px\"><\/p>\n<p>Les \u00e9l\u00e9ments de la pr\u00e9fecture de police de Tanger ont mis en \u00e9chec, samedi t\u00f4t le matin, une tentative d\u2019immigration ill\u00e9gale et interpell\u00e9 25 individus originaires de pays de l\u2019Afrique subsaharienne.\u00a0 Selon un communiqu\u00e9 de la Direction g\u00e9n\u00e9rale de la S\u00fbret\u00e9 nationale (DGSN), les suspects ont \u00e9t\u00e9 appr\u00e9hend\u00e9s au niveau d\u2019un poste de contr\u00f4le routier \u00e0 l\u2019entr\u00e9e de la ville de Tanger, imm\u00e9diatement apr\u00e8s leur arriv\u00e9e \u00e0 bord d\u2019un bus de transport public en flagrant d\u00e9lit de possession de 36 objets en fer de fabrication artisanale, qui seraient utilis\u00e9s dans les op\u00e9rations collectives d\u2019immigration par escalade.\u00a0 Les recherches et investigations men\u00e9es dans le cadre de cette affaire ont r\u00e9v\u00e9l\u00e9 que tous ces candidats \u00e0 l\u2019immigration ill\u00e9gale ne poss\u00e8dent aucune pi\u00e8ce d\u2019identit\u00e9 ou titre de voyage, et qu\u2019ils r\u00e9sident ill\u00e9galement au Maroc, ajoute la m\u00eame source.\u00a0 Les mis en cause ont \u00e9t\u00e9 soumis \u00e0 l\u2019enqu\u00eate judiciaire ordonn\u00e9e par le parquet comp\u00e9tent pour \u00e9lucider toutes les circonstances entourant cette affaire et identifier les \u00e9ventuelles personnes impliqu\u00e9es dans l\u2019organisation des tentatives d\u2019immigration ill\u00e9gale de mani\u00e8re collective, conclut la DGSN.<\/p>\n<\/div>\n<p>Auteur: ALM<br \/>\n<a href=\"https:\/\/aujourdhui.ma\/actualite\/mise-en-echec-a-tanger-dune-tentative-dimmigration-illegale-25-subsahariens-interpelles\">Cliquez ici pour lire l&rsquo;article depuis sa source.<\/a><\/p>\n","protected":false},"excerpt":{"rendered":"<p>Les \u00e9l\u00e9ments de la pr\u00e9fecture de police de Tanger ont mis en \u00e9chec, samedi t\u00f4t le matin, une tentative d\u2019immigration ill\u00e9gale et interpell\u00e9 25 individus originaires de pays de l\u2019Afrique subsaharienne.\u00a0 Selon un communiqu\u00e9 de la Direction g\u00e9n\u00e9rale de la S\u00fbret\u00e9 nationale (DGSN), les suspects ont \u00e9t\u00e9 appr\u00e9hend\u00e9s au niveau d\u2019un poste de contr\u00f4le routier [&hellip;]<\/p>\n","protected":false},"author":1759,"featured_media":0,"comment_status":"closed","ping_status":"closed","sticky":false,"template":"","format":"standard","meta":{"fifu_image_url":"https:\/\/aujourdhui.ma\/wp-content\/uploads\/2019\/05\/Arrestation-Subsahariens-immigration-ille\u0301gale-300x153.jpg","fifu_image_alt":"Mise en \u00e9chec \u00e0 Tanger d\u2019une tentative d\u2019immigration ill\u00e9gale: 25 Subsahariens interpell\u00e9s","footnotes":""},"categories":[73,54],"tags":[],"class_list":["post-152109","post","type-post","status-publish","format-standard","hentry","category-actualite","category-maroc"],"_links":{"self":[{"href":"https:\/\/linitiative.ca\/International\/wp-json\/wp\/v2\/posts\/152109","targetHints":{"allow":["GET"]}}],"collection":[{"href":"https:\/\/linitiative.ca\/International\/wp-json\/wp\/v2\/posts"}],"about":[{"href":"https:\/\/linitiative.ca\/International\/wp-json\/wp\/v2\/types\/post"}],"author":[{"embeddable":true,"href":"https:\/\/linitiative.ca\/International\/wp-json\/wp\/v2\/users\/1759"}],"replies":[{"embeddable":true,"href":"https:\/\/linitiative.ca\/International\/wp-json\/wp\/v2\/comments?post=152109"}],"version-history":[{"count":0,"href":"https:\/\/linitiative.ca\/International\/wp-json\/wp\/v2\/posts\/152109\/revisions"}],"wp:attachment":[{"href":"https:\/\/linitiative.ca\/International\/wp-json\/wp\/v2\/media?parent=152109"}],"wp:term":[{"taxonomy":"category","embeddable":true,"href":"https:\/\/linitiative.ca\/International\/wp-json\/wp\/v2\/categories?post=152109"},{"taxonomy":"post_tag","embeddable":true,"href":"https:\/\/linitiative.ca\/International\/wp-json\/wp\/v2\/tags?post=152109"}],"curies":[{"name":"wp","href":"https:\/\/api.w.org\/{rel}","templated":true}]}}