{"id":152118,"date":"2022-07-09T08:36:14","date_gmt":"2022-07-09T12:36:14","guid":{"rendered":"https:\/\/linitiative.ca\/International\/signature-du-recueil-poetique-patch-words-lamour-emoi\/"},"modified":"2022-07-09T08:36:14","modified_gmt":"2022-07-09T12:36:14","slug":"signature-du-recueil-poetique-patch-words-lamour-emoi","status":"publish","type":"post","link":"https:\/\/linitiative.ca\/International\/signature-du-recueil-poetique-patch-words-lamour-emoi\/","title":{"rendered":"Signature du recueil po\u00e9tique \u00ab\u00a0Patch-Words: L\u2019amour \u00e9moi\u00a0\u00bb"},"content":{"rendered":"<div>\n<div style=\"margin-bottom:20px;\"><img loading=\"lazy\" decoding=\"async\" width=\"750\" height=\"430\" src=\"https:\/\/linitiative.ca\/International\/wp-content\/uploads\/sites\/23\/2022\/07\/recueil-copier.jpg\" class=\"attachment-post-thumbnail size-post-thumbnail wp-post-image\" alt=\"\" srcset=\"https:\/\/linitiative.ca\/International\/wp-content\/uploads\/sites\/23\/2022\/07\/recueil-copier.jpg 750w, https:\/\/www.mapmarrakech.ma\/map\/uploads\/2022\/07\/recueil-copier-300x172.jpg 300w\" sizes=\"auto, (max-width: 750px) 100vw, 750px\"><\/div>\n<p>Cet opus de 162 pages paru \u00e0 \u00ab\u00a0Axions Communication\u00a0\u00bb en moyenne format, comprend quelque 158 po\u00e8mes r\u00e9dig\u00e9s, en un style si raffin\u00e9 et \u00e9l\u00e9gant et une esth\u00e9tique linguistique confirm\u00e9e, entre moult villes \u00e9trang\u00e8res et marocaines imp\u00e9riales, notamment Rabat, Casablanca, Marrakech et Essaouira, si ch\u00e8res \u00e0 M. Ka\u00efsse Ben Yahia, qui se dit d\u00e9j\u00e0 n\u2019est pas \u00eatre un auteur de po\u00e9sie acad\u00e9mique et qui, hors du conventionnel, se r\u00e9clame \u00ab\u00a0Patch- wordeur\u00a0\u00bb.<\/p>\n<p>A travers cette oeuvre de toute beaut\u00e9 et richesses litt\u00e9raires, l\u2019auteur coule ses \u00e9motions sur papier avec g\u00e9n\u00e9rosit\u00e9 in\u00e9galable et amour av\u00e9r\u00e9, empruntant ainsi la m\u00eame voie que celle d\u2019un peintre engag\u00e9 \u00e0 confectionner une belle toile en nuan\u00e7ant les couleurs et les formes. Une toile qui incite le lecteur \u00e0 choisir son point de vue.<\/p>\n<p>Gr\u00e2ce \u00e0 son \u00e9criture \u00e9ruptive, le po\u00e8te fait jaser un gage de sinc\u00e9rit\u00e9 et de fid\u00e9lit\u00e9. Une fid\u00e9lit\u00e9 \u00e0 toute \u00e9preuve \u00e0 l\u2019\u00e9motion de l\u2019instant. Pour donner force et singularit\u00e9 inou\u00efes \u00e0 ces \u00e9crits, M. Ka\u00efsse Ben Yahia explique qu\u2019il ne revient quasiment jamais pour revoir ses po\u00e8mes une fois achev\u00e9s. Des textes subtiles et fins qu\u2019il n\u2019h\u00e9site gu\u00e8re \u00e0 qualifier de \u00ab\u00a0bio\u00a0\u00bb, conformes au ressenti qui les a provoqu\u00e9s.<\/p>\n<p>Disposant de plusieurs cordes \u00e0 son arc, cet ing\u00e9nieur en chimie nucl\u00e9aire de formation, a aussi une fibre fabuleuse pour les arts raffin\u00e9s et pour l\u2019humanisme, car au-del\u00e0 de son amour et sa passion sans limite pour l\u2019art, la musique, la chanson et la po\u00e9sie, il est aussi un expert en communication, un responsable engag\u00e9 au service de la Nation comme en t\u00e9moignent ses hautes responsabilit\u00e9s.<\/p>\n<p>Ce cordon ombilical pour la science et la po\u00e9sie \u00e0 l\u2019apparence \u00ab\u00a0inexistant\u00a0\u00bb, M. Ka\u00efsse Ben Yahia avoue le retrouver dans l\u2019humanisme qui caract\u00e9rise l\u2019individu et surtout, dans la bonne \u00e9ducation aux valeurs et principes qu\u2019il a re\u00e7ue d\u00e8s son jeune \u00e2ge au sein d\u2019une famille o\u00f9 les traditions prennent leur valeur et leur sens.<\/p>\n<p>\u00ab\u00a0Il suffit d\u2019\u00eatre humaniste, pour pouvoir appr\u00e9hender et sentir la beaut\u00e9 partout, apprendre \u00e0 aimer et par l\u00e0, \u00e0 \u00eatre toujours proche du cr\u00e9ateur. En d\u2019autres termes, proche de la r\u00e9alit\u00e9 et \u00e0 ce moment l\u00e0, on peut \u00eatre savant, po\u00e8te, artiste\u2026.\u00a0\u00bb, estime M. Ka\u00efsse Ben Yahia qui n\u2019h\u00e9site gu\u00e8re \u00e0 transposer cet humanisme et cette bont\u00e9 \u00e0 travers ses \u00e9crits, chaque fois que l\u2019occasion lui est pr\u00e9sent\u00e9e.<\/p>\n<p>En d\u2019autres termes, charg\u00e9s d\u2019humanisme, auquel il croit fortement, les po\u00e8mes de Ka\u00efsse Ben Yahia, appellent \u00e0 lib\u00e9rer l\u2019amour \u00ab\u00a0en nous\u00a0\u00bb et le laisser rythmer \u00ab\u00a0notre vie\u00a0\u00bb. L\u2019amour de soi, d\u2019autrui, de sa patrie, de son Roi, de ses proches\u2026etc.<\/p>\n<p>\u00ab\u00a0Sillonner la vie dans un environnement o\u00f9 les belles \u00e9motions irisent le pr\u00e9sent et l\u2019avenir est une b\u00e9n\u00e9diction divine\u00a0\u00bb, \u00e9crit l\u2019auteur dans la Pr\u00e9face de ce recueil sans omettre de faire part de sa gratitude, son d\u00e9vouement et sa fid\u00e9lit\u00e9 \u00e0 Sa Majest\u00e9 le Roi Mohammed VI pour la Confiance que le Souverain a bien voulu placer en lui.<\/p>\n<p>Aujourd\u2019hui, cette rencontre \u00e0 Marrakech s\u2019inscrit dans le cadre d\u2019un programme d\u00e9j\u00e0 entam\u00e9 fin mai dernier. \u00ab\u00a0Il s\u2019agit d\u2019une tr\u00e8s belle aventure que je vis ici en tant que po\u00e8te \u00e0 l\u2019occasion de la parution de mon premier recueil de po\u00e8mes\u00a0\u00bb, a-t-il d\u00e9clar\u00e9 \u00e0 M.24 la chaine t\u00e9l\u00e9vis\u00e9e de l\u2019information en continu de la MAP.<\/p>\n<p>\u00ab\u00a0L\u2019\u00e9tape de Marrakech est fondamentale en ce sens que j\u2019ai un lien profond et particulier avec la Cit\u00e9 ocre, qui repr\u00e9sente pour moi un espace familial, un espace d\u2019\u00e9criture parce que beaucoup de po\u00e8mes dans ce recueil, lui- m\u00eame, ont \u00e9t\u00e9 \u00e9crits ici. Il s\u2019agit aussi d\u2019un lieu de rencontres et de retrouvailles avec des amis qui me sont si chers et qui partagent totalement les aspects culturel et po\u00e9tique\u00a0\u00bb, a-t-il enchain\u00e9.<\/p>\n<p>\u00ab\u00a0Je ne pr\u00e9tend pas m\u2019inscrire dans une d\u00e9marche acad\u00e9micienne, je ne suis pas un po\u00e8te acad\u00e9micien. Je suis beaucoup plus un troubadour de la po\u00e9sie, un peintre surr\u00e9aliste qui utilise les mots en tant que couleurs et qui les transmet \u00e0 son prochain dans une \u00e9criture qui porte essentiellement ses \u00e9motions : l\u2019\u00e9motion de l\u2019instant, l\u2019\u00e9motion de l\u2019amour, l\u2019\u00e9motion de l\u2019humanisme que je pr\u00e9tends \u00e9crire dans ces mots\u00a0\u00bb, explique-t-il.<\/p>\n<p>Lors de cette c\u00e9r\u00e9monie, l\u2019assistance parmi un ar\u00e9opage d\u2019intellectuels, d\u2019artistes et d\u2019hommes de lettres, a \u00e9t\u00e9 convi\u00e9e \u00e0 suivre et \u00e0 appr\u00e9cier plusieurs po\u00e8mes auxquels lecture a \u00e9t\u00e9 donn\u00e9e, en fran\u00e7ais et en arabe, par M. Ka\u00efsse Ben Yahia sur fond de rythmes musicaux classiques des plus sublimes du \u00ab\u00a0Kannoun\u00a0\u00bb.<\/p>\n<p>Mme Amal Malakh, fondatrice du \u00ab\u00a0Salon Pens\u00e9e et Art\u00a0\u00bb s\u2019est dite, quant \u00e0 elle, tr\u00e8s honor\u00e9e de la signature \u00e0 Marrakech de ce recueil po\u00e9tique de toutes beaut\u00e9 et richesse intellectuelles et humanistes, louant au passage les qualit\u00e9s humaines et professionnelles de l\u2019auteur.<\/p>\n<p>Tout en rappelant qu\u2019il s\u2019agit de la troisi\u00e8me signature d\u2019un ouvrage \u00e0 forte valeur culturelle et esth\u00e9tique organis\u00e9 par \u00ab\u00a0Salon Pens\u00e9e et Art\u00a0\u00bb, Mme Malakh a relev\u00e9 que l\u2019objectif de ce genre de manifestation est de faire connaitre et vulgariser la culture \u00e0 Marrakech et surtout ne pas la banaliser.<\/p>\n<p>\u00ab\u00a0Notre objectif \u00e0 travers ce genre d\u2019initiative et de rendre accessible la culture, de pousser les gens \u00e0 s\u2019y int\u00e9resser davantage et \u00e0 faire en sorte que la culture ne soit pas uniquement une affaire \u00e9litiste\u00a0\u00bb, a dit Mme Malakh, estimant qu\u2019il est temps pour le mouvement culturel dans la cit\u00e9 ocre de retrouver son lustre d\u2019antan et sa renaissance.<\/p>\n<p>Mme Malakh n\u2019a pas manqu\u00e9, en guise de conclusion, de s\u2019attarder sur le lien tr\u00e8s \u00e9troit entre culture et arts, et les diff\u00e9rents espaces historiques charg\u00e9s d\u2019\u00e2me et d\u2019histoire de la cit\u00e9 ocre d\u2019o\u00f9, a-t-elle expliqu\u00e9 le choix de riads et espaces des plus embl\u00e9matiques pour l\u2019organisation de ce genre de \u00ab\u00a0retrouvailles\u00a0\u00bb dans l\u2019amiti\u00e9 et la convivialit\u00e9.<\/p>\n<p>The post <a rel=\"nofollow\" href=\"https:\/\/www.mapmarrakech.ma\/fr\/signature-du-recueil-poetique-patch-words-lamour-emoi\/\">Signature du recueil po\u00e9tique \u00ab\u00a0Patch-Words: L\u2019amour \u00e9moi\u00a0\u00bb<\/a> appeared first on <a rel=\"nofollow\" href=\"https:\/\/www.mapmarrakech.ma\/fr\">MapMarrakech<\/a>.<\/p>\n<\/div>\n<p>Auteur: Meriem IGASS<br \/>\n<a href=\"https:\/\/www.mapmarrakech.ma\/fr\/signature-du-recueil-poetique-patch-words-lamour-emoi\/\">Cliquez ici pour lire l&rsquo;article depuis sa source.<\/a><\/p>\n","protected":false},"excerpt":{"rendered":"<p>Cet opus de 162 pages paru \u00e0 \u00ab\u00a0Axions Communication\u00a0\u00bb en moyenne format, comprend quelque 158 po\u00e8mes r\u00e9dig\u00e9s, en un style si raffin\u00e9 et \u00e9l\u00e9gant et une esth\u00e9tique linguistique confirm\u00e9e, entre moult villes \u00e9trang\u00e8res et marocaines imp\u00e9riales, notamment Rabat, Casablanca, Marrakech et Essaouira, si ch\u00e8res \u00e0 M. Ka\u00efsse Ben Yahia, qui se dit d\u00e9j\u00e0 n\u2019est pas [&hellip;]<\/p>\n","protected":false},"author":1788,"featured_media":0,"comment_status":"closed","ping_status":"closed","sticky":false,"template":"","format":"standard","meta":{"fifu_image_url":"https:\/\/www.mapmarrakech.ma\/map\/uploads\/2022\/07\/recueil-copier.jpg","fifu_image_alt":"Signature du recueil po\u00e9tique \u00ab\u00a0Patch-Words: L\u2019amour \u00e9moi\u00a0\u00bb","footnotes":""},"categories":[54,76],"tags":[],"class_list":["post-152118","post","type-post","status-publish","format-standard","hentry","category-maroc","category-regions"],"_links":{"self":[{"href":"https:\/\/linitiative.ca\/International\/wp-json\/wp\/v2\/posts\/152118","targetHints":{"allow":["GET"]}}],"collection":[{"href":"https:\/\/linitiative.ca\/International\/wp-json\/wp\/v2\/posts"}],"about":[{"href":"https:\/\/linitiative.ca\/International\/wp-json\/wp\/v2\/types\/post"}],"author":[{"embeddable":true,"href":"https:\/\/linitiative.ca\/International\/wp-json\/wp\/v2\/users\/1788"}],"replies":[{"embeddable":true,"href":"https:\/\/linitiative.ca\/International\/wp-json\/wp\/v2\/comments?post=152118"}],"version-history":[{"count":0,"href":"https:\/\/linitiative.ca\/International\/wp-json\/wp\/v2\/posts\/152118\/revisions"}],"wp:attachment":[{"href":"https:\/\/linitiative.ca\/International\/wp-json\/wp\/v2\/media?parent=152118"}],"wp:term":[{"taxonomy":"category","embeddable":true,"href":"https:\/\/linitiative.ca\/International\/wp-json\/wp\/v2\/categories?post=152118"},{"taxonomy":"post_tag","embeddable":true,"href":"https:\/\/linitiative.ca\/International\/wp-json\/wp\/v2\/tags?post=152118"}],"curies":[{"name":"wp","href":"https:\/\/api.w.org\/{rel}","templated":true}]}}