{"id":152122,"date":"2022-07-09T09:34:03","date_gmt":"2022-07-09T13:34:03","guid":{"rendered":"https:\/\/linitiative.ca\/International\/aid-al-adha-un-attachement-des-familles-pour-les-vetements-traditionnels\/"},"modified":"2022-07-09T09:34:03","modified_gmt":"2022-07-09T13:34:03","slug":"aid-al-adha-un-attachement-des-familles-pour-les-vetements-traditionnels","status":"publish","type":"post","link":"https:\/\/linitiative.ca\/International\/aid-al-adha-un-attachement-des-familles-pour-les-vetements-traditionnels\/","title":{"rendered":"Aid Al Adha, un attachement des familles pour les v\u00eatements traditionnels"},"content":{"rendered":"<div>\n<div style=\"margin-bottom:20px;\"><img loading=\"lazy\" decoding=\"async\" width=\"750\" height=\"430\" src=\"https:\/\/linitiative.ca\/International\/wp-content\/uploads\/sites\/23\/2022\/07\/habits-traditionnels-copier-1.jpg\" class=\"attachment-post-thumbnail size-post-thumbnail wp-post-image\" alt=\"\" srcset=\"https:\/\/linitiative.ca\/International\/wp-content\/uploads\/sites\/23\/2022\/07\/habits-traditionnels-copier-1.jpg 750w, https:\/\/www.mapmarrakech.ma\/map\/uploads\/2022\/07\/habits-traditionnels-copier-1-300x172.jpg 300w\" sizes=\"auto, (max-width: 750px) 100vw, 750px\"><\/div>\n<p>Ainsi, les familles marocaines en g\u00e9n\u00e9ral, et celles marrakchies en particulier, veillent, jalousement, \u00e0 faire revivifier un ensemble de traditions qui font partie int\u00e9grante des rituels de cette f\u00eate, faisant de cette occasion religieuse un moment idoine pour faire le bonheur des grands et des petits et pour mettre en relief l\u2019esprit de fraternit\u00e9, d\u2019entraide et de solidarit\u00e9 entre les diff\u00e9rentes composantes de la soci\u00e9t\u00e9 marocaine.<\/p>\n<p>Dans ce sens, les familles marrakchies tiennent \u00e0 porter des v\u00eatements traditionnels con\u00e7us et soigneusement confectionn\u00e9s des mains de maitres- artisans marocains dou\u00e9s qui, au fil des ann\u00e9es, ne cessent de faire montre de cr\u00e9ativit\u00e9, d\u2019innovation et de finesse en apportant \u00e0 l\u2019habit traditionnel une touche moderne sublime, sans alt\u00e9rer et trahir son aspect traditionnel qui puise dans l\u2019originalit\u00e9 et l\u2019authenticit\u00e9.<\/p>\n<p>A l\u2019approche du jour de l\u2019A\u00efd, les diff\u00e9rents Souks de la Cit\u00e9 ocre, surtout ceux adjacents \u00e0 la mythique place de Jam\u00e2a El Fna connaissent une forte dynamique et une effervescence remarquable. Femmes et hommes accompagn\u00e9s de leurs enfants, n\u2019h\u00e9sitent gu\u00e8re \u00e0 s\u2019y rendre, le temps de pouvoir choisir, dans une gamme de produits et articles riche et vari\u00e9e, ceux qui r\u00e9pondent le mieux \u00e0 leur go\u00fbt.<\/p>\n<p>Cette manifestation religieuse illustre \u00e9galement l\u2019attachement \u00e0 la famille, notamment chez les femmes et les enfants qui saisissent cette occasion pour se d\u00e9placer chez les proches, le temps de savourer et partager ensemble, dans la convivialit\u00e9 la plus absolue, cette joie collective, et pour montrer \u00e0 tous, la beaut\u00e9 de leurs habits et costumes traditionnels.<\/p>\n<p>\u00c0 cette occasion, les commer\u00e7ants tiennent \u00e0 d\u00e9corer soigneusement leurs boutiques et \u00e0 exposer une panoplie de tenues traditionnelles (djellaba, jabador, caftan, Gandoura, fouquiya, pantalon kandrissi, babouches, medamah et Cherbil)\u2026, en jouant sur une belle pr\u00e9sentation de couleurs vari\u00e9es et de formes originales. La finalit\u00e9 \u00e9tant de r\u00e9pondre aux attentes et aspirations des clients et leur offrir les meilleurs costumes traditionnels disponibles et les mieux adapt\u00e9s pour la c\u00e9l\u00e9bration de ce genre d\u2019\u00e9v\u00e9nement religieux si cher \u00e0 tous les Marocains.<\/p>\n<p>Pour convaincre leurs clients du choix judicieux op\u00e9r\u00e9, les marchands n\u2019h\u00e9sitent gu\u00e8re \u00e0 mettre en valeur la qualit\u00e9 du tissu utilis\u00e9 et la finesse avec laquelle ont \u00e9t\u00e9 confectionn\u00e9es ces cr\u00e9ations artistiques de toute beaut\u00e9 qui constituent un v\u00e9ritable patrimoine, refl\u00e8tant pleinement l\u2019authenticit\u00e9 et la singularit\u00e9 de la civilisation marocaine mill\u00e9naire.<\/p>\n<p>M. Abdessamad Abou El Baquaa , Pr\u00e9sident de la Coordination des Associations du Grand Souk Touristique et de son entourage, tr\u00e8s connu \u00e0 Marrakech sous l\u2019acronyme de \u00ab\u00a0Semarine\u00a0\u00bb, a d\u00e9clar\u00e9 \u00e0 M24, la cha\u00eene t\u00e9l\u00e9vis\u00e9e de l\u2019information en continu de la MAP, que l\u2019achat des v\u00eatements traditionnels (caftan, Djellaba, Jabador, babouches\u2026. ) contribue \u00e0 mieux vivre l\u2019ambiance des les festivit\u00e9s li\u00e9es \u00e0 ces occasions nationales et religieuses, ce qui enclenche, sans nul conteste, une dynamique remarquable au niveau de cet espace embl\u00e9matique de n\u00e9goce.<\/p>\n<p>Et d\u2019ajouter que la c\u00e9l\u00e9bration de l\u2019Aid Al Adha constitue, notamment pour les femmes et les jeunes filles, une occasion de visiter le Souk pour explorer et d\u00e9couvrir les nouveaut\u00e9s de la couture traditionnelle marocaine, qui refl\u00e8te la cr\u00e9ativit\u00e9 de l\u2019artisan marocain ainsi que son g\u00e9nie \u00e0 confectionner des \u0153uvres d\u2019art o\u00f9 sont m\u00eal\u00e9es, en toute finesse, tradition et modernit\u00e9.<\/p>\n<p>Il a, par ailleurs, soulign\u00e9 que le Souk de \u00ab\u00a0Semarine\u00a0\u00bb, comprend environ 300 magasins d\u00e9di\u00e9s aux v\u00eatements traditionnels pour femmes, qui veillent \u00e0 distribuer leurs produits dans diverses r\u00e9gions du Royaume. En plus de 54 espaces commerciaux (Kissariya), dont chacun est sp\u00e9cialis\u00e9 dans un produit sp\u00e9cifique de l\u2019artisanat traditionnel (Souk du cuir, ,Souk des teinturiers, \u2026).<\/p>\n<p>Fortement attach\u00e9s aux traditions et rituels s\u00e9culaires li\u00e9s \u00e0 la c\u00e9l\u00e9bration des f\u00eates religieuses et nationales, les Marocains \u00e9prouvent un grand plaisir et une profonde joie de veiller \u00e0 la pr\u00e9servation de ce legs ancestral, en donnant une place de choix dans leur quotidien aux tenues traditionnelles, lesquelles puisent dans la richesse de la culture et de l\u2019artisanat marocains.<\/p>\n<p>Il s\u2019agit en r\u00e9alit\u00e9, d\u2019une tr\u00e8s belle illustration de l\u2019authenticit\u00e9 et de la diversit\u00e9 de la civilisation marocaine, qui sert de source d\u2019inspiration, tout suscitant l\u2019admiration et l\u2019\u00e9merveillement des stylistes parmi les plus connus et c\u00e9l\u00e8bres \u00e0 travers le monde entier.<\/p>\n<p>The post <a rel=\"nofollow\" href=\"https:\/\/www.mapmarrakech.ma\/fr\/aid-al-adha-un-attachement-des-familles-pour-les-vetements-traditionnels\/\">Aid Al Adha, un attachement des familles pour les v\u00eatements traditionnels<\/a> appeared first on <a rel=\"nofollow\" href=\"https:\/\/www.mapmarrakech.ma\/fr\">MapMarrakech<\/a>.<\/p>\n<\/div>\n<p>Auteur: Meriem IGASS<br \/>\n<a href=\"https:\/\/www.mapmarrakech.ma\/fr\/aid-al-adha-un-attachement-des-familles-pour-les-vetements-traditionnels\/\">Cliquez ici pour lire l&rsquo;article depuis sa source.<\/a><\/p>\n","protected":false},"excerpt":{"rendered":"<p>Ainsi, les familles marocaines en g\u00e9n\u00e9ral, et celles marrakchies en particulier, veillent, jalousement, \u00e0 faire revivifier un ensemble de traditions qui font partie int\u00e9grante des rituels de cette f\u00eate, faisant de cette occasion religieuse un moment idoine pour faire le bonheur des grands et des petits et pour mettre en relief l\u2019esprit de fraternit\u00e9, d\u2019entraide [&hellip;]<\/p>\n","protected":false},"author":1788,"featured_media":0,"comment_status":"closed","ping_status":"closed","sticky":false,"template":"","format":"standard","meta":{"fifu_image_url":"https:\/\/www.mapmarrakech.ma\/map\/uploads\/2022\/07\/habits-traditionnels-copier-1.jpg","fifu_image_alt":"Aid Al Adha, un attachement des familles pour les v\u00eatements traditionnels","footnotes":""},"categories":[54,76],"tags":[],"class_list":["post-152122","post","type-post","status-publish","format-standard","hentry","category-maroc","category-regions"],"_links":{"self":[{"href":"https:\/\/linitiative.ca\/International\/wp-json\/wp\/v2\/posts\/152122","targetHints":{"allow":["GET"]}}],"collection":[{"href":"https:\/\/linitiative.ca\/International\/wp-json\/wp\/v2\/posts"}],"about":[{"href":"https:\/\/linitiative.ca\/International\/wp-json\/wp\/v2\/types\/post"}],"author":[{"embeddable":true,"href":"https:\/\/linitiative.ca\/International\/wp-json\/wp\/v2\/users\/1788"}],"replies":[{"embeddable":true,"href":"https:\/\/linitiative.ca\/International\/wp-json\/wp\/v2\/comments?post=152122"}],"version-history":[{"count":0,"href":"https:\/\/linitiative.ca\/International\/wp-json\/wp\/v2\/posts\/152122\/revisions"}],"wp:attachment":[{"href":"https:\/\/linitiative.ca\/International\/wp-json\/wp\/v2\/media?parent=152122"}],"wp:term":[{"taxonomy":"category","embeddable":true,"href":"https:\/\/linitiative.ca\/International\/wp-json\/wp\/v2\/categories?post=152122"},{"taxonomy":"post_tag","embeddable":true,"href":"https:\/\/linitiative.ca\/International\/wp-json\/wp\/v2\/tags?post=152122"}],"curies":[{"name":"wp","href":"https:\/\/api.w.org\/{rel}","templated":true}]}}